{"id":12057,"date":"2017-08-05T13:50:04","date_gmt":"2017-08-05T17:50:04","guid":{"rendered":"http:\/\/www.rincondelbulla.cl\/portal\/?p=12057"},"modified":"2017-08-05T13:53:24","modified_gmt":"2017-08-05T17:53:24","slug":"el-dia-sonado-de-miguel","status":"publish","type":"post","link":"http:\/\/www.rincondelbulla.cl\/portal\/2017\/08\/05\/el-dia-sonado-de-miguel\/","title":{"rendered":"El d\u00eda so\u00f1ado de Miguel&#8230;"},"content":{"rendered":"<figure id=\"attachment_12060\" aria-describedby=\"caption-attachment-12060\" style=\"width: 1280px\" class=\"wp-caption aligncenter\"><img loading=\"lazy\" decoding=\"async\" class=\"size-full wp-image-12060\" src=\"http:\/\/www.rincondelbulla.cl\/portal\/wp-content\/uploads\/2017\/08\/1.jpeg\" alt=\"\" width=\"1280\" height=\"853\" srcset=\"http:\/\/www.rincondelbulla.cl\/portal\/wp-content\/uploads\/2017\/08\/1.jpeg 1280w, http:\/\/www.rincondelbulla.cl\/portal\/wp-content\/uploads\/2017\/08\/1-300x200.jpeg 300w, http:\/\/www.rincondelbulla.cl\/portal\/wp-content\/uploads\/2017\/08\/1-768x512.jpeg 768w, http:\/\/www.rincondelbulla.cl\/portal\/wp-content\/uploads\/2017\/08\/1-1200x800.jpeg 1200w, http:\/\/www.rincondelbulla.cl\/portal\/wp-content\/uploads\/2017\/08\/1-696x464.jpeg 696w, http:\/\/www.rincondelbulla.cl\/portal\/wp-content\/uploads\/2017\/08\/1-1068x712.jpeg 1068w, http:\/\/www.rincondelbulla.cl\/portal\/wp-content\/uploads\/2017\/08\/1-630x420.jpeg 630w\" sizes=\"auto, (max-width: 1280px) 100vw, 1280px\" \/><figcaption id=\"caption-attachment-12060\" class=\"wp-caption-text\">Fotograf\u00eda: Claudio C\u00e1ceres<\/figcaption><\/figure>\n<p><strong>Miguel Carvajal tuvo la oportunidad de asistir al Nacional y estar presente en la barra Los de Abajo como era su sue\u00f1o.<\/strong><\/p>\n<p>Quiz\u00e1s para algunos puede resultar de lo m\u00e1s familiar ir cada semana al estadio y estar en la tradicional \u00abpuerta 14\u00bb o caj\u00f3n, como quieran llamarle, pero para otros es m\u00e1s dif\u00edcil, miedo a lo desconocido o quiz\u00e1s el gran tumulto de bullangueros que se ubica en el sector sur del estadio hace que sea una odisea estar en ese lugar.<\/p>\n<p>Pero como el dicho dice que \u00abEn el pedir no hay enga\u00f1o\u00bb.\u00a0Miguel Ariel Carvajal Guzm\u00e1n, un camarada de la comuna de La Pintana, se contact\u00f3 con la barra para poder estar en ese anhelado lugar y los muchachos accedieron.<\/p>\n<p>\u201cUn reconocimiento a su aguante de vida (\u2026) la \u00fanica discapacidad en la vida es no ver a la persona que hay tras las limitaciones f\u00edsicas\u201d, fue la respuesta que dieron <a href=\"http:\/\/www.rincondelbulla.cl\/portal\/2017\/08\/03\/los-de-abajo-cumpliran-sueno-de-un-hincha\/\">Los de Abajo<\/a> a la petici\u00f3n de Miguel, que adem\u00e1s es polivalente, pero no por eso no tiene el aguante que cualquier hincha azul puede tener.<\/p>\n<p><strong>En exclusiva el Rinc\u00f3n del Bulla<\/strong>, pudo estar en el centro de la barra acompa\u00f1ando a Miguel, qui\u00e9n feliz de la vida nos entreg\u00f3 algunas palabras.<\/p>\n<p><strong>\u00abEmocionado, ganamos, es la mejor barra de Chile y con el mejor equipo del mundo\u00bb.<\/strong><\/p>\n<audio class=\"wp-audio-shortcode\" id=\"audio-12057-1\" preload=\"none\" style=\"width: 100%;\" controls=\"controls\"><source type=\"audio\/mpeg\" src=\"http:\/\/www.rincondelbulla.cl\/portal\/wp-content\/uploads\/2017\/08\/UCH-Miguel-Visita-a-la-barra.mp3?_=1\" \/><a href=\"http:\/\/www.rincondelbulla.cl\/portal\/wp-content\/uploads\/2017\/08\/UCH-Miguel-Visita-a-la-barra.mp3\">http:\/\/www.rincondelbulla.cl\/portal\/wp-content\/uploads\/2017\/08\/UCH-Miguel-Visita-a-la-barra.mp3<\/a><\/audio>\n<p>La noche de este viernes estuvo marcada a la emotividad, ya que adem\u00e1s de lo anterior, fue el redebut de Mauricio Pinilla, que luego de varios a\u00f1os, volvi\u00f3 al cuadro m\u00e1gico.<\/p>\n<p><img loading=\"lazy\" decoding=\"async\" class=\"alignleft size-medium wp-image-12061\" src=\"http:\/\/www.rincondelbulla.cl\/portal\/wp-content\/uploads\/2017\/08\/PS_277075-300x200.jpg\" alt=\"\" width=\"300\" height=\"200\" srcset=\"http:\/\/www.rincondelbulla.cl\/portal\/wp-content\/uploads\/2017\/08\/PS_277075-300x200.jpg 300w, http:\/\/www.rincondelbulla.cl\/portal\/wp-content\/uploads\/2017\/08\/PS_277075-768x513.jpg 768w, http:\/\/www.rincondelbulla.cl\/portal\/wp-content\/uploads\/2017\/08\/PS_277075-696x465.jpg 696w, http:\/\/www.rincondelbulla.cl\/portal\/wp-content\/uploads\/2017\/08\/PS_277075-629x420.jpg 629w, http:\/\/www.rincondelbulla.cl\/portal\/wp-content\/uploads\/2017\/08\/PS_277075.jpg 900w\" sizes=\"auto, (max-width: 300px) 100vw, 300px\" \/>Otra de las cosas por las que se destac\u00f3 la hinchada anoche fue por el espectacular recibimiento al equipo con extintores, chunchitos realizados en cart\u00f3n piedra y a los m\u00e1s peque\u00f1os de la fanaticada, se les pint\u00f3 sus caras.<\/p>\n<p>As\u00ed es el otro lado de la segunda fecha del torneo de Transici\u00f3n del cuadro m\u00e1gico.<\/p>\n<p>&nbsp;<\/p>\n<p><strong>Por: Claudio C\u00e1ceres y Leo Mora<\/strong><\/p>\n","protected":false},"excerpt":{"rendered":"<p>Miguel Carvajal tuvo la oportunidad de asistir al Nacional y estar presente en la barra Los de Abajo como era su sue\u00f1o. Quiz\u00e1s para algunos puede resultar de lo m\u00e1s familiar ir cada semana al estadio y estar en la tradicional \u00abpuerta 14\u00bb o caj\u00f3n, como quieran llamarle, pero para otros es m\u00e1s dif\u00edcil, miedo [&#8230;]<\/p>\n","protected":false},"author":21395,"featured_media":12059,"comment_status":"closed","ping_status":"open","sticky":false,"template":"","format":"standard","meta":{"footnotes":""},"categories":[18],"tags":[1116,102,1159,156],"class_list":{"0":"post-12057","1":"post","2":"type-post","3":"status-publish","4":"format-standard","5":"has-post-thumbnail","7":"category-actualidad","8":"tag-cuadro-magico","9":"tag-los-de-abajo","10":"tag-miguel-carvajal","11":"tag-universidad-de-chile"},"_links":{"self":[{"href":"http:\/\/www.rincondelbulla.cl\/portal\/wp-json\/wp\/v2\/posts\/12057","targetHints":{"allow":["GET"]}}],"collection":[{"href":"http:\/\/www.rincondelbulla.cl\/portal\/wp-json\/wp\/v2\/posts"}],"about":[{"href":"http:\/\/www.rincondelbulla.cl\/portal\/wp-json\/wp\/v2\/types\/post"}],"author":[{"embeddable":true,"href":"http:\/\/www.rincondelbulla.cl\/portal\/wp-json\/wp\/v2\/users\/21395"}],"replies":[{"embeddable":true,"href":"http:\/\/www.rincondelbulla.cl\/portal\/wp-json\/wp\/v2\/comments?post=12057"}],"version-history":[{"count":3,"href":"http:\/\/www.rincondelbulla.cl\/portal\/wp-json\/wp\/v2\/posts\/12057\/revisions"}],"predecessor-version":[{"id":12064,"href":"http:\/\/www.rincondelbulla.cl\/portal\/wp-json\/wp\/v2\/posts\/12057\/revisions\/12064"}],"wp:featuredmedia":[{"embeddable":true,"href":"http:\/\/www.rincondelbulla.cl\/portal\/wp-json\/wp\/v2\/media\/12059"}],"wp:attachment":[{"href":"http:\/\/www.rincondelbulla.cl\/portal\/wp-json\/wp\/v2\/media?parent=12057"}],"wp:term":[{"taxonomy":"category","embeddable":true,"href":"http:\/\/www.rincondelbulla.cl\/portal\/wp-json\/wp\/v2\/categories?post=12057"},{"taxonomy":"post_tag","embeddable":true,"href":"http:\/\/www.rincondelbulla.cl\/portal\/wp-json\/wp\/v2\/tags?post=12057"}],"curies":[{"name":"wp","href":"https:\/\/api.w.org\/{rel}","templated":true}]}}