{"id":12069,"date":"2017-08-07T11:24:34","date_gmt":"2017-08-07T15:24:34","guid":{"rendered":"http:\/\/www.rincondelbulla.cl\/portal\/?p=12069"},"modified":"2017-08-07T11:24:34","modified_gmt":"2017-08-07T15:24:34","slug":"la-u-en-el-mundial-de-clubes","status":"publish","type":"post","link":"http:\/\/www.rincondelbulla.cl\/portal\/2017\/08\/07\/la-u-en-el-mundial-de-clubes\/","title":{"rendered":"La U en el Mundial de Clubes"},"content":{"rendered":"<p><img loading=\"lazy\" decoding=\"async\" class=\"aligncenter size-full wp-image-12070\" src=\"http:\/\/www.rincondelbulla.cl\/portal\/wp-content\/uploads\/2017\/08\/Mundial-de-Clubes.jpg\" alt=\"\" width=\"860\" height=\"658\" srcset=\"http:\/\/www.rincondelbulla.cl\/portal\/wp-content\/uploads\/2017\/08\/Mundial-de-Clubes.jpg 860w, http:\/\/www.rincondelbulla.cl\/portal\/wp-content\/uploads\/2017\/08\/Mundial-de-Clubes-300x230.jpg 300w, http:\/\/www.rincondelbulla.cl\/portal\/wp-content\/uploads\/2017\/08\/Mundial-de-Clubes-768x588.jpg 768w, http:\/\/www.rincondelbulla.cl\/portal\/wp-content\/uploads\/2017\/08\/Mundial-de-Clubes-80x60.jpg 80w, http:\/\/www.rincondelbulla.cl\/portal\/wp-content\/uploads\/2017\/08\/Mundial-de-Clubes-696x533.jpg 696w, http:\/\/www.rincondelbulla.cl\/portal\/wp-content\/uploads\/2017\/08\/Mundial-de-Clubes-549x420.jpg 549w\" sizes=\"auto, (max-width: 860px) 100vw, 860px\" \/><\/p>\n<p><strong>Luego de salir recientemente campeones en el Torneo de F\u00fatbol Joven,\u00a0La Sub 17 afrontar\u00e1 un gran desaf\u00edo internacional junto a los clubes m\u00e1s importantes del mundo. <\/strong><\/p>\n<p>Ser\u00e1 desde el 21\u00a0 al 30 de agosto, que la escuadra dirigida por el t\u00e9cnico Marcelo Jara dir\u00e1 presente en el\u00a0<strong>Mundial de Clubes Juvenil<\/strong>\u00a0a desarrollarse en Espa\u00f1a.<\/p>\n<p>Los azules, que se coronaron con el t\u00edtulo nacional luego de alcanzar un rendimiento del 80%,\u00a0<strong>quedaron ubicados en el Grupo C de la cita planetaria junto al Benfica, C.D. Ford y Athletic Club<\/strong>, debutando contra este \u00faltimo el 21 de agosto a las 14:30 hrs (hora de Chile).<\/p>\n<p>Por otra parte, el Grupo A est\u00e1 compuesto por\u00a0<strong>Curitiba, Real Madrid, Inter de Mil\u00e1n\u00a0<\/strong>y<strong>\u00a0Al Dhafra FC<\/strong>, mientras que en el B se encuentran el\u00a0<strong>Atl\u00e9tico de Madrid, Rayo Vallecano, Palmeiras<\/strong>\u00a0y<strong>Atl\u00e9tico Nacional<\/strong>.<\/p>\n<p>Cabe destacar que en este campeonato, que\u00a0<strong>tiene como objetivo promocionar el talento de las j\u00f3venes promesas<\/strong>, han participado figuras de la talla del brasile\u00f1o \u00d3scar, el montenegrino Stevan Joveti\u0107 y los espa\u00f1oles Sergio Busquets y \u00c1lvaro Morata, entre otros.<\/p>\n<p><img loading=\"lazy\" decoding=\"async\" class=\"aligncenter  wp-image-12073\" src=\"http:\/\/www.rincondelbulla.cl\/portal\/wp-content\/uploads\/2017\/08\/Calendario.jpg\" alt=\"\" width=\"543\" height=\"543\" \/><\/p>\n<p>Fuente: U de Chile \/\u00a0<a class=\"ProfileHeaderCard-nameLink u-textInheritColor js-nav\" href=\"https:\/\/twitter.com\/mundialmadrid\">Mundial Clubes Juv<\/a><\/p>\n","protected":false},"excerpt":{"rendered":"<p>Luego de salir recientemente campeones en el Torneo de F\u00fatbol Joven,\u00a0La Sub 17 afrontar\u00e1 un gran desaf\u00edo internacional junto a los clubes m\u00e1s importantes del mundo. Ser\u00e1 desde el 21\u00a0 al 30 de agosto, que la escuadra dirigida por el t\u00e9cnico Marcelo Jara dir\u00e1 presente en el\u00a0Mundial de Clubes Juvenil\u00a0a desarrollarse en Espa\u00f1a. Los azules, [&#8230;]<\/p>\n","protected":false},"author":21395,"featured_media":12070,"comment_status":"closed","ping_status":"open","sticky":false,"template":"","format":"standard","meta":{"footnotes":""},"categories":[18],"tags":[1116,409,1160,1143,156],"class_list":{"0":"post-12069","1":"post","2":"type-post","3":"status-publish","4":"format-standard","5":"has-post-thumbnail","7":"category-actualidad","8":"tag-cuadro-magico","9":"tag-futbol-formativo","10":"tag-mundial-de-clubes","11":"tag-sub17","12":"tag-universidad-de-chile"},"_links":{"self":[{"href":"http:\/\/www.rincondelbulla.cl\/portal\/wp-json\/wp\/v2\/posts\/12069","targetHints":{"allow":["GET"]}}],"collection":[{"href":"http:\/\/www.rincondelbulla.cl\/portal\/wp-json\/wp\/v2\/posts"}],"about":[{"href":"http:\/\/www.rincondelbulla.cl\/portal\/wp-json\/wp\/v2\/types\/post"}],"author":[{"embeddable":true,"href":"http:\/\/www.rincondelbulla.cl\/portal\/wp-json\/wp\/v2\/users\/21395"}],"replies":[{"embeddable":true,"href":"http:\/\/www.rincondelbulla.cl\/portal\/wp-json\/wp\/v2\/comments?post=12069"}],"version-history":[{"count":2,"href":"http:\/\/www.rincondelbulla.cl\/portal\/wp-json\/wp\/v2\/posts\/12069\/revisions"}],"predecessor-version":[{"id":12074,"href":"http:\/\/www.rincondelbulla.cl\/portal\/wp-json\/wp\/v2\/posts\/12069\/revisions\/12074"}],"wp:featuredmedia":[{"embeddable":true,"href":"http:\/\/www.rincondelbulla.cl\/portal\/wp-json\/wp\/v2\/media\/12070"}],"wp:attachment":[{"href":"http:\/\/www.rincondelbulla.cl\/portal\/wp-json\/wp\/v2\/media?parent=12069"}],"wp:term":[{"taxonomy":"category","embeddable":true,"href":"http:\/\/www.rincondelbulla.cl\/portal\/wp-json\/wp\/v2\/categories?post=12069"},{"taxonomy":"post_tag","embeddable":true,"href":"http:\/\/www.rincondelbulla.cl\/portal\/wp-json\/wp\/v2\/tags?post=12069"}],"curies":[{"name":"wp","href":"https:\/\/api.w.org\/{rel}","templated":true}]}}