{"id":12075,"date":"2017-08-07T11:35:44","date_gmt":"2017-08-07T15:35:44","guid":{"rendered":"http:\/\/www.rincondelbulla.cl\/portal\/?p=12075"},"modified":"2017-08-07T11:35:44","modified_gmt":"2017-08-07T15:35:44","slug":"mazuela-y-guerra-a-la-roja","status":"publish","type":"post","link":"http:\/\/www.rincondelbulla.cl\/portal\/2017\/08\/07\/mazuela-y-guerra-a-la-roja\/","title":{"rendered":"Mazuela y Guerra a La Roja"},"content":{"rendered":"<p><img loading=\"lazy\" decoding=\"async\" class=\"aligncenter size-full wp-image-12076\" src=\"http:\/\/www.rincondelbulla.cl\/portal\/wp-content\/uploads\/2017\/08\/Roja.jpg\" alt=\"\" width=\"1220\" height=\"620\" srcset=\"http:\/\/www.rincondelbulla.cl\/portal\/wp-content\/uploads\/2017\/08\/Roja.jpg 1220w, http:\/\/www.rincondelbulla.cl\/portal\/wp-content\/uploads\/2017\/08\/Roja-300x152.jpg 300w, http:\/\/www.rincondelbulla.cl\/portal\/wp-content\/uploads\/2017\/08\/Roja-768x390.jpg 768w, http:\/\/www.rincondelbulla.cl\/portal\/wp-content\/uploads\/2017\/08\/Roja-1200x610.jpg 1200w, http:\/\/www.rincondelbulla.cl\/portal\/wp-content\/uploads\/2017\/08\/Roja-696x354.jpg 696w, http:\/\/www.rincondelbulla.cl\/portal\/wp-content\/uploads\/2017\/08\/Roja-1068x543.jpg 1068w, http:\/\/www.rincondelbulla.cl\/portal\/wp-content\/uploads\/2017\/08\/Roja-826x420.jpg 826w\" sizes=\"auto, (max-width: 1220px) 100vw, 1220px\" \/><\/p>\n<p><b>Nicol\u00e1s Guerra y Gabriel Mazuela viajar\u00e1n a Jap\u00f3n para disputar la SBS International Cup 2017<\/b><\/p>\n<p>A modo de preparaci\u00f3n para el Sudamericano que se desarrollar\u00e1 en nuestro pa\u00eds el pr\u00f3ximo a\u00f1o, la\u00a0<strong>selecci\u00f3n chilena Sub 20<\/strong>\u00a0emprender\u00e1 rumbo esta noche a Jap\u00f3n para disputar la\u00a0<strong>SBS International Cup 2017<\/strong>, torneo donde la escuadra nacional contar\u00e1 con la presencia de dos delanteros azules.<\/p>\n<p>Se trata de\u00a0<strong>Nicol\u00e1s Guerra<\/strong>\u00a0(en la foto) y\u00a0<strong>Gabriel Mazuela<\/strong>, atacantes que fueron incluidos en la\u00a0<strong>n\u00f3mina de 18 jugadores que convoc\u00f3 el t\u00e9cnico H\u00e9ctor Robles<\/strong>. En la cita, que se desarrollar\u00e1 desde el 9 al 13 de agosto, los nacionales se medir\u00e1n ante Jap\u00f3n, Rep\u00fablica Checa y la Selecci\u00f3n local de Shizuoka.<\/p>\n<pre id=\"tw-target-text\" class=\"tw-data-text tw-ta tw-text-medium\" data-placeholder=\"Traducci\u00f3n\" data-fulltext=\"\"><span lang=\"ja\">\u5e78\u904b kou un \u00a1Buena suerte en Japon\u00e9s!<\/span><\/pre>\n","protected":false},"excerpt":{"rendered":"<p>Nicol\u00e1s Guerra y Gabriel Mazuela viajar\u00e1n a Jap\u00f3n para disputar la SBS International Cup 2017 A modo de preparaci\u00f3n para el Sudamericano que se desarrollar\u00e1 en nuestro pa\u00eds el pr\u00f3ximo a\u00f1o, la\u00a0selecci\u00f3n chilena Sub 20\u00a0emprender\u00e1 rumbo esta noche a Jap\u00f3n para disputar la\u00a0SBS International Cup 2017, torneo donde la escuadra nacional contar\u00e1 con la presencia [&#8230;]<\/p>\n","protected":false},"author":21395,"featured_media":12076,"comment_status":"closed","ping_status":"open","sticky":false,"template":"","format":"standard","meta":{"footnotes":""},"categories":[18],"tags":[1116,1162,230,1161,53,156],"class_list":{"0":"post-12075","1":"post","2":"type-post","3":"status-publish","4":"format-standard","5":"has-post-thumbnail","7":"category-actualidad","8":"tag-cuadro-magico","9":"tag-gabriel-mazuela","10":"tag-la-roja","11":"tag-nicolas-guerra","12":"tag-seleccion-chilena","13":"tag-universidad-de-chile"},"_links":{"self":[{"href":"http:\/\/www.rincondelbulla.cl\/portal\/wp-json\/wp\/v2\/posts\/12075","targetHints":{"allow":["GET"]}}],"collection":[{"href":"http:\/\/www.rincondelbulla.cl\/portal\/wp-json\/wp\/v2\/posts"}],"about":[{"href":"http:\/\/www.rincondelbulla.cl\/portal\/wp-json\/wp\/v2\/types\/post"}],"author":[{"embeddable":true,"href":"http:\/\/www.rincondelbulla.cl\/portal\/wp-json\/wp\/v2\/users\/21395"}],"replies":[{"embeddable":true,"href":"http:\/\/www.rincondelbulla.cl\/portal\/wp-json\/wp\/v2\/comments?post=12075"}],"version-history":[{"count":1,"href":"http:\/\/www.rincondelbulla.cl\/portal\/wp-json\/wp\/v2\/posts\/12075\/revisions"}],"predecessor-version":[{"id":12077,"href":"http:\/\/www.rincondelbulla.cl\/portal\/wp-json\/wp\/v2\/posts\/12075\/revisions\/12077"}],"wp:featuredmedia":[{"embeddable":true,"href":"http:\/\/www.rincondelbulla.cl\/portal\/wp-json\/wp\/v2\/media\/12076"}],"wp:attachment":[{"href":"http:\/\/www.rincondelbulla.cl\/portal\/wp-json\/wp\/v2\/media?parent=12075"}],"wp:term":[{"taxonomy":"category","embeddable":true,"href":"http:\/\/www.rincondelbulla.cl\/portal\/wp-json\/wp\/v2\/categories?post=12075"},{"taxonomy":"post_tag","embeddable":true,"href":"http:\/\/www.rincondelbulla.cl\/portal\/wp-json\/wp\/v2\/tags?post=12075"}],"curies":[{"name":"wp","href":"https:\/\/api.w.org\/{rel}","templated":true}]}}