{"id":12084,"date":"2017-08-07T12:42:04","date_gmt":"2017-08-07T16:42:04","guid":{"rendered":"http:\/\/www.rincondelbulla.cl\/portal\/?p=12084"},"modified":"2017-08-11T03:51:39","modified_gmt":"2017-08-11T07:51:39","slug":"el-lado-b-que-es-a-de-hoyos","status":"publish","type":"post","link":"http:\/\/www.rincondelbulla.cl\/portal\/2017\/08\/07\/el-lado-b-que-es-a-de-hoyos\/","title":{"rendered":"El lado B que es A de Hoyos"},"content":{"rendered":"<p><img loading=\"lazy\" decoding=\"async\" class=\"aligncenter size-full wp-image-12085\" src=\"http:\/\/www.rincondelbulla.cl\/portal\/wp-content\/uploads\/2017\/08\/hoyos.jpg\" alt=\"\" width=\"1140\" height=\"712\" srcset=\"http:\/\/www.rincondelbulla.cl\/portal\/wp-content\/uploads\/2017\/08\/hoyos.jpg 1140w, http:\/\/www.rincondelbulla.cl\/portal\/wp-content\/uploads\/2017\/08\/hoyos-300x187.jpg 300w, http:\/\/www.rincondelbulla.cl\/portal\/wp-content\/uploads\/2017\/08\/hoyos-768x480.jpg 768w, http:\/\/www.rincondelbulla.cl\/portal\/wp-content\/uploads\/2017\/08\/hoyos-696x435.jpg 696w, http:\/\/www.rincondelbulla.cl\/portal\/wp-content\/uploads\/2017\/08\/hoyos-1068x667.jpg 1068w, http:\/\/www.rincondelbulla.cl\/portal\/wp-content\/uploads\/2017\/08\/hoyos-672x420.jpg 672w\" sizes=\"auto, (max-width: 1140px) 100vw, 1140px\" \/><\/p>\n<p><strong>Muchas veces hemos escuchado sus reflexiones, palabras a los jugadores y a la hinchada, pero no solo se queda en eso el estratego azul.<\/strong><\/p>\n<p>Esto fue comprobado y registrado por el peri\u00f3dico <a href=\"http:\/\/www.periodicoencuentro.cl\/agosto2017\/15.php\"><strong>Encuentro<\/strong><\/a> de la Iglesia de Santiago (Cat\u00f3lica), en la cual relatan los gestos que hace Guillermo Hoyos fuera de los partidos y entrenamientos azules.<\/p>\n<p>El d\u00eda 27 de julio en Renca, el profe Hoyos lleg\u00f3 junto a su cuerpo t\u00e9cnico y un grupo de jugadores de las divisiones inferiores y el primer equipo hasta la fundaci\u00f3n Cristo de la Noche, queda cobijo y alimentos a personas en situaci\u00f3n de calle.<\/p>\n<p>Lleg\u00f3 hasta el lugar, no para hablar de f\u00fatbol, dice en la nota el periodista <a href=\"https:\/\/twitter.com\/AstudilloBaeza\"><strong>Enrique Astudillo<\/strong><\/a>, sino para conocer la realidad de la instituci\u00f3n y llevar una donaci\u00f3n para los que residen all\u00ed.<\/p>\n<p>En palabras al peri\u00f3dico, Hoyos expresa: \u00abEs algo divino y una bendici\u00f3n que exista algo como esta fundaci\u00f3n con hermosas iniciativas de ayudar a la gente. M\u00e1s all\u00e1 del estrato social, todas las personas pasamos por momentos dif\u00edciles. Yo me identifico mucho con las labores sociales y con la ayuda solidaria\u00bb.<\/p>\n<p>Respecto a la cercan\u00eda con los jugadores y con todo su entorno, reflexiona: \u00abLa cercan\u00eda nace de una forma de vivir en armon\u00eda y de estar bien con uno mismo por dentro\u00bb.<\/p>\n<p>Guillermo, siempre se despide de las conferencias o dialogos, bendiciendo a los presentes en nombre de Dios y la Virgen, se reconoce un devoto mariano.<\/p>\n<p>\u00abSoy devoto de la virgen de Lourdes, voy todos los a\u00f1os y acercamiento que tengo con ella es producto de la fe que tengo y de c\u00f3mo uno camina por la vida\u00bb.<\/p>\n<p>\u00bfY del Papa, f\u00fatbolero, argentino e hincha de San Lorenzo?<\/p>\n<p>\u00abEs algo muy lindo, y ojal\u00e1 siempre tenga la gracia de conducir a la Iglesia y la sabidur\u00eda para que cada d\u00eda seamos mejores seres humanos\u00bb.<\/p>\n","protected":false},"excerpt":{"rendered":"<p>Muchas veces hemos escuchado sus reflexiones, palabras a los jugadores y a la hinchada, pero no solo se queda en eso el estratego azul. Esto fue comprobado y registrado por el peri\u00f3dico Encuentro de la Iglesia de Santiago (Cat\u00f3lica), en la cual relatan los gestos que hace Guillermo Hoyos fuera de los partidos y entrenamientos [&#8230;]<\/p>\n","protected":false},"author":21395,"featured_media":12085,"comment_status":"closed","ping_status":"open","sticky":false,"template":"","format":"standard","meta":{"footnotes":""},"categories":[18],"tags":[454,1116,1006,1163,1164,156],"class_list":{"0":"post-12084","1":"post","2":"type-post","3":"status-publish","4":"format-standard","5":"has-post-thumbnail","7":"category-actualidad","8":"tag-actualidad","9":"tag-cuadro-magico","10":"tag-guillermo-hoyos","11":"tag-iglesia-de-santiago","12":"tag-periodico-encuentro","13":"tag-universidad-de-chile"},"_links":{"self":[{"href":"http:\/\/www.rincondelbulla.cl\/portal\/wp-json\/wp\/v2\/posts\/12084","targetHints":{"allow":["GET"]}}],"collection":[{"href":"http:\/\/www.rincondelbulla.cl\/portal\/wp-json\/wp\/v2\/posts"}],"about":[{"href":"http:\/\/www.rincondelbulla.cl\/portal\/wp-json\/wp\/v2\/types\/post"}],"author":[{"embeddable":true,"href":"http:\/\/www.rincondelbulla.cl\/portal\/wp-json\/wp\/v2\/users\/21395"}],"replies":[{"embeddable":true,"href":"http:\/\/www.rincondelbulla.cl\/portal\/wp-json\/wp\/v2\/comments?post=12084"}],"version-history":[{"count":2,"href":"http:\/\/www.rincondelbulla.cl\/portal\/wp-json\/wp\/v2\/posts\/12084\/revisions"}],"predecessor-version":[{"id":12087,"href":"http:\/\/www.rincondelbulla.cl\/portal\/wp-json\/wp\/v2\/posts\/12084\/revisions\/12087"}],"wp:featuredmedia":[{"embeddable":true,"href":"http:\/\/www.rincondelbulla.cl\/portal\/wp-json\/wp\/v2\/media\/12085"}],"wp:attachment":[{"href":"http:\/\/www.rincondelbulla.cl\/portal\/wp-json\/wp\/v2\/media?parent=12084"}],"wp:term":[{"taxonomy":"category","embeddable":true,"href":"http:\/\/www.rincondelbulla.cl\/portal\/wp-json\/wp\/v2\/categories?post=12084"},{"taxonomy":"post_tag","embeddable":true,"href":"http:\/\/www.rincondelbulla.cl\/portal\/wp-json\/wp\/v2\/tags?post=12084"}],"curies":[{"name":"wp","href":"https:\/\/api.w.org\/{rel}","templated":true}]}}