{"id":12088,"date":"2017-08-07T16:10:28","date_gmt":"2017-08-07T20:10:28","guid":{"rendered":"http:\/\/www.rincondelbulla.cl\/portal\/?p=12088"},"modified":"2017-08-11T03:51:21","modified_gmt":"2017-08-11T07:51:21","slug":"el-superclasico-ya-tiene-fecha","status":"publish","type":"post","link":"http:\/\/www.rincondelbulla.cl\/portal\/2017\/08\/07\/el-superclasico-ya-tiene-fecha\/","title":{"rendered":"El Supercl\u00e1sico ya tiene fecha"},"content":{"rendered":"<figure id=\"attachment_9229\" aria-describedby=\"caption-attachment-9229\" style=\"width: 1100px\" class=\"wp-caption aligncenter\"><img loading=\"lazy\" decoding=\"async\" class=\"size-full wp-image-9229\" src=\"http:\/\/www.rincondelbulla.cl\/portal\/wp-content\/uploads\/2016\/03\/lorenzeti-superclasico.jpg\" alt=\"\" width=\"1100\" height=\"733\" srcset=\"http:\/\/www.rincondelbulla.cl\/portal\/wp-content\/uploads\/2016\/03\/lorenzeti-superclasico.jpg 1100w, http:\/\/www.rincondelbulla.cl\/portal\/wp-content\/uploads\/2016\/03\/lorenzeti-superclasico-300x200.jpg 300w, http:\/\/www.rincondelbulla.cl\/portal\/wp-content\/uploads\/2016\/03\/lorenzeti-superclasico-768x512.jpg 768w, http:\/\/www.rincondelbulla.cl\/portal\/wp-content\/uploads\/2016\/03\/lorenzeti-superclasico-696x464.jpg 696w, http:\/\/www.rincondelbulla.cl\/portal\/wp-content\/uploads\/2016\/03\/lorenzeti-superclasico-1068x712.jpg 1068w, http:\/\/www.rincondelbulla.cl\/portal\/wp-content\/uploads\/2016\/03\/lorenzeti-superclasico-630x420.jpg 630w\" sizes=\"auto, (max-width: 1100px) 100vw, 1100px\" \/><figcaption id=\"caption-attachment-9229\" class=\"wp-caption-text\">Foto: Photosport<\/figcaption><\/figure>\n<p><strong>La ANFP oficializ\u00f3 el d\u00eda y la hora del partido m\u00e1s esperado del a\u00f1o. El domingo 27 de agosto a las 12.00 horas Colo-Colo y Universidad de Chile saldr\u00e1n a la cancha del Monumental.<\/strong><\/p>\n<p><!--more--><\/p>\n<p>Este lunes se dio a conocer oficialmente la fecha del pr\u00f3ximo Supercl\u00e1sico a disputarse, en el cual la U visitar\u00e1 el Monumental una vez m\u00e1s. Lo interesante de esta nueva edici\u00f3n ser\u00e1 el enfrentamiento de las nuevas figuras de cada equipo, es decir de Mauricio Pinilla y Jorge Valdivia que volver\u00e1n a vivir un partido como este.<\/p>\n<p>Cabe destacar que tras cart\u00f3n habr\u00e1 fecha FIFA para las clasificatorias.<\/p>\n","protected":false},"excerpt":{"rendered":"<p>La ANFP oficializ\u00f3 el d\u00eda y la hora del partido m\u00e1s esperado del a\u00f1o. El domingo 27 de agosto a las 12.00 horas Colo-Colo y Universidad de Chile saldr\u00e1n a la cancha del Monumental.<\/p>\n","protected":false},"author":21383,"featured_media":9229,"comment_status":"closed","ping_status":"open","sticky":false,"template":"","format":"standard","meta":{"footnotes":""},"categories":[18],"tags":[454,502,157,44,156],"class_list":{"0":"post-12088","1":"post","2":"type-post","3":"status-publish","4":"format-standard","5":"has-post-thumbnail","7":"category-actualidad","8":"tag-actualidad","9":"tag-colo-colo","10":"tag-portada","11":"tag-superclasico","12":"tag-universidad-de-chile"},"_links":{"self":[{"href":"http:\/\/www.rincondelbulla.cl\/portal\/wp-json\/wp\/v2\/posts\/12088","targetHints":{"allow":["GET"]}}],"collection":[{"href":"http:\/\/www.rincondelbulla.cl\/portal\/wp-json\/wp\/v2\/posts"}],"about":[{"href":"http:\/\/www.rincondelbulla.cl\/portal\/wp-json\/wp\/v2\/types\/post"}],"author":[{"embeddable":true,"href":"http:\/\/www.rincondelbulla.cl\/portal\/wp-json\/wp\/v2\/users\/21383"}],"replies":[{"embeddable":true,"href":"http:\/\/www.rincondelbulla.cl\/portal\/wp-json\/wp\/v2\/comments?post=12088"}],"version-history":[{"count":1,"href":"http:\/\/www.rincondelbulla.cl\/portal\/wp-json\/wp\/v2\/posts\/12088\/revisions"}],"predecessor-version":[{"id":12090,"href":"http:\/\/www.rincondelbulla.cl\/portal\/wp-json\/wp\/v2\/posts\/12088\/revisions\/12090"}],"wp:featuredmedia":[{"embeddable":true,"href":"http:\/\/www.rincondelbulla.cl\/portal\/wp-json\/wp\/v2\/media\/9229"}],"wp:attachment":[{"href":"http:\/\/www.rincondelbulla.cl\/portal\/wp-json\/wp\/v2\/media?parent=12088"}],"wp:term":[{"taxonomy":"category","embeddable":true,"href":"http:\/\/www.rincondelbulla.cl\/portal\/wp-json\/wp\/v2\/categories?post=12088"},{"taxonomy":"post_tag","embeddable":true,"href":"http:\/\/www.rincondelbulla.cl\/portal\/wp-json\/wp\/v2\/tags?post=12088"}],"curies":[{"name":"wp","href":"https:\/\/api.w.org\/{rel}","templated":true}]}}