{"id":12097,"date":"2017-08-08T11:33:29","date_gmt":"2017-08-08T15:33:29","guid":{"rendered":"http:\/\/www.rincondelbulla.cl\/portal\/?p=12097"},"modified":"2017-08-11T03:50:32","modified_gmt":"2017-08-11T07:50:32","slug":"un-descendiente-de-un-idolo-que-quiere-jugar-por-chile-y-en-la-u","status":"publish","type":"post","link":"http:\/\/www.rincondelbulla.cl\/portal\/2017\/08\/08\/un-descendiente-de-un-idolo-que-quiere-jugar-por-chile-y-en-la-u\/","title":{"rendered":"Un descendiente de un \u00eddolo que quiere jugar por Chile y en la U"},"content":{"rendered":"<p><img loading=\"lazy\" decoding=\"async\" class=\"aligncenter size-full wp-image-12102\" src=\"http:\/\/www.rincondelbulla.cl\/portal\/wp-content\/uploads\/2017\/08\/Thomas-Genoa.jpg\" alt=\"\" width=\"1772\" height=\"952\" srcset=\"http:\/\/www.rincondelbulla.cl\/portal\/wp-content\/uploads\/2017\/08\/Thomas-Genoa.jpg 1772w, http:\/\/www.rincondelbulla.cl\/portal\/wp-content\/uploads\/2017\/08\/Thomas-Genoa-300x161.jpg 300w, http:\/\/www.rincondelbulla.cl\/portal\/wp-content\/uploads\/2017\/08\/Thomas-Genoa-768x413.jpg 768w, http:\/\/www.rincondelbulla.cl\/portal\/wp-content\/uploads\/2017\/08\/Thomas-Genoa-1200x645.jpg 1200w, http:\/\/www.rincondelbulla.cl\/portal\/wp-content\/uploads\/2017\/08\/Thomas-Genoa-696x374.jpg 696w, http:\/\/www.rincondelbulla.cl\/portal\/wp-content\/uploads\/2017\/08\/Thomas-Genoa-1068x574.jpg 1068w, http:\/\/www.rincondelbulla.cl\/portal\/wp-content\/uploads\/2017\/08\/Thomas-Genoa-782x420.jpg 782w\" sizes=\"auto, (max-width: 1772px) 100vw, 1772px\" \/><\/p>\n<p><strong>Reci\u00e9n lleg\u00f3 al Genoa donde estuvo Mauricio Pinilla, pero no es su hijo, sino que, heredero de gran Leo Rodriguez: Thomas, quiere jugar en alg\u00fan momento en La Roja y en la U.<\/strong><\/p>\n<p>\u00abEs un paso muy importante el que acabo de dar, pero no alcanza. Para que me llamen de Chile o Argentina tengo que demostrar ac\u00e1 primero, no s\u00f3lo venir. A m\u00ed me toc\u00f3 jugar en las selecciones juveniles argentinas y despu\u00e9s no tuve ning\u00fan contacto. Tengo el coraz\u00f3n en los dos pa\u00edses, porque si bien fui mayormente criado en Argentina, nac\u00ed en Chile y s\u00e9 todo lo que mi pap\u00e1 vivi\u00f3 all\u00e1\u00bb, esboz\u00f3 Thomas, el jugador chileno-argentino de 21 a\u00f1os.<\/p>\n<p>Adem\u00e1s, a la hora de buscar un referente en su juego, menciona a otro azul:\u00a0\u00abme gusta mucho Mauricio Isla, pero \u00e9l juega un poquito m\u00e1s atr\u00e1s que yo. Si bien es buen\u00edsimo tanto en defensa como en ataque, yo suelo jugar un poco m\u00e1s adelantado. \u00c9l recorre toda la banda y ac\u00e1 en Italia se usa bastante eso, as\u00ed que de la manera en que jugar\u00e9 aqu\u00ed, con 3-5-2, me parece que es al que m\u00e1s me asemejo\u00bb.<\/p>\n<p>A prop\u00f3sito del Genoa, \u00bfViste por estos d\u00eda a Pinilla?<\/p>\n<p>A Pinilla me lo cruc\u00e9 dos d\u00edas, justo cuando llegu\u00e9 \u00e9l se estaba por ir. Adem\u00e1s de la clase de jugador que es, s\u00e9 la alegr\u00eda que ten\u00eda por volver. Yo, que soy hincha de la U, siento una felicidad enorme de que un futbolista de tanta jerarqu\u00eda y tantos a\u00f1os en Europa vuelva y lo haga en plenitud. Ojal\u00e1 nos d\u00e9 muchas alegr\u00edas.<\/p>\n<p><strong>\u00bfY te gustar\u00eda jugar en el Rom\u00e1ntico Viajero?<\/strong><\/p>\n<p>Uno de los sue\u00f1os m\u00e1ximos que tengo es pasar por la U. de Chile en alg\u00fan momento de mi carrera, porque soy hincha. Si me preguntan un sue\u00f1o, me imagino saliendo al estadio de la U con la camiseta puesta y la cancha llena, como siempre.<\/p>\n<p>Todo el \u00e9xito al hijo de Leo en su paso por Europa.<\/p>\n","protected":false},"excerpt":{"rendered":"<p>Reci\u00e9n lleg\u00f3 al Genoa donde estuvo Mauricio Pinilla, pero no es su hijo, sino que, heredero de gran Leo Rodriguez: Thomas, quiere jugar en alg\u00fan momento en La Roja y en la U. \u00abEs un paso muy importante el que acabo de dar, pero no alcanza. Para que me llamen de Chile o Argentina tengo [&#8230;]<\/p>\n","protected":false},"author":21395,"featured_media":12101,"comment_status":"closed","ping_status":"open","sticky":false,"template":"","format":"standard","meta":{"footnotes":""},"categories":[18],"tags":[454,1116,1166,1165,156],"class_list":{"0":"post-12097","1":"post","2":"type-post","3":"status-publish","4":"format-standard","5":"has-post-thumbnail","7":"category-actualidad","8":"tag-actualidad","9":"tag-cuadro-magico","10":"tag-leo-rodriguez","11":"tag-thomas-rodriguez","12":"tag-universidad-de-chile"},"_links":{"self":[{"href":"http:\/\/www.rincondelbulla.cl\/portal\/wp-json\/wp\/v2\/posts\/12097","targetHints":{"allow":["GET"]}}],"collection":[{"href":"http:\/\/www.rincondelbulla.cl\/portal\/wp-json\/wp\/v2\/posts"}],"about":[{"href":"http:\/\/www.rincondelbulla.cl\/portal\/wp-json\/wp\/v2\/types\/post"}],"author":[{"embeddable":true,"href":"http:\/\/www.rincondelbulla.cl\/portal\/wp-json\/wp\/v2\/users\/21395"}],"replies":[{"embeddable":true,"href":"http:\/\/www.rincondelbulla.cl\/portal\/wp-json\/wp\/v2\/comments?post=12097"}],"version-history":[{"count":1,"href":"http:\/\/www.rincondelbulla.cl\/portal\/wp-json\/wp\/v2\/posts\/12097\/revisions"}],"predecessor-version":[{"id":12103,"href":"http:\/\/www.rincondelbulla.cl\/portal\/wp-json\/wp\/v2\/posts\/12097\/revisions\/12103"}],"wp:featuredmedia":[{"embeddable":true,"href":"http:\/\/www.rincondelbulla.cl\/portal\/wp-json\/wp\/v2\/media\/12101"}],"wp:attachment":[{"href":"http:\/\/www.rincondelbulla.cl\/portal\/wp-json\/wp\/v2\/media?parent=12097"}],"wp:term":[{"taxonomy":"category","embeddable":true,"href":"http:\/\/www.rincondelbulla.cl\/portal\/wp-json\/wp\/v2\/categories?post=12097"},{"taxonomy":"post_tag","embeddable":true,"href":"http:\/\/www.rincondelbulla.cl\/portal\/wp-json\/wp\/v2\/tags?post=12097"}],"curies":[{"name":"wp","href":"https:\/\/api.w.org\/{rel}","templated":true}]}}