{"id":12126,"date":"2017-08-09T11:32:24","date_gmt":"2017-08-09T15:32:24","guid":{"rendered":"http:\/\/www.rincondelbulla.cl\/portal\/?p=12126"},"modified":"2017-08-11T03:49:24","modified_gmt":"2017-08-11T07:49:24","slug":"felipe-no-pensaba-ser-futbolista","status":"publish","type":"post","link":"http:\/\/www.rincondelbulla.cl\/portal\/2017\/08\/09\/felipe-no-pensaba-ser-futbolista\/","title":{"rendered":"Felipe no pensaba ser futbolista"},"content":{"rendered":"<p><img loading=\"lazy\" decoding=\"async\" class=\"aligncenter size-full wp-image-12127\" src=\"http:\/\/www.rincondelbulla.cl\/portal\/wp-content\/uploads\/2017\/08\/Felipe-Seymour.jpg\" alt=\"\" width=\"1252\" height=\"687\" srcset=\"http:\/\/www.rincondelbulla.cl\/portal\/wp-content\/uploads\/2017\/08\/Felipe-Seymour.jpg 1252w, http:\/\/www.rincondelbulla.cl\/portal\/wp-content\/uploads\/2017\/08\/Felipe-Seymour-300x165.jpg 300w, http:\/\/www.rincondelbulla.cl\/portal\/wp-content\/uploads\/2017\/08\/Felipe-Seymour-768x421.jpg 768w, http:\/\/www.rincondelbulla.cl\/portal\/wp-content\/uploads\/2017\/08\/Felipe-Seymour-1200x658.jpg 1200w, http:\/\/www.rincondelbulla.cl\/portal\/wp-content\/uploads\/2017\/08\/Felipe-Seymour-696x382.jpg 696w, http:\/\/www.rincondelbulla.cl\/portal\/wp-content\/uploads\/2017\/08\/Felipe-Seymour-1068x586.jpg 1068w, http:\/\/www.rincondelbulla.cl\/portal\/wp-content\/uploads\/2017\/08\/Felipe-Seymour-765x420.jpg 765w\" sizes=\"auto, (max-width: 1252px) 100vw, 1252px\" \/><\/p>\n<p><strong>El nuevamente refuerzo del cuadro m\u00e1gico Felipe Seymour cont\u00f3 algunos detalles de su juventud.<\/strong><\/p>\n<p>\u00abHasta los 17 a\u00f1os no ten\u00eda pensado ser futbolista. Quer\u00eda entrar a la academia diplom\u00e1tica, ten\u00eda la posibilidad de entrar a derecho en la Universidad de Chile\u00bb.<\/p>\n<p>\u00abSe me dio la posibilidad de probarme a la U, fue muy r\u00e1pido, estuve a prueba a finales del 2005, el 2006 me inscriben en el \u00faltimo a\u00f1o de la juvenil y en mayo sub\u00ed al primer equipo\u00bb, agrega Felipe Seymour qui\u00e9n estuvo esta semana en el programa <strong>NET de Fox Sports Chile.<\/strong><\/p>\n<p>Adem\u00e1s recuerda, que estuvieron en un programa especial de reclutamiento de jugadores que realiz\u00f3 Adidas y Fox, adem\u00e1s con una particularidad \u00abEstuvimos en la prueba con Eduardo Vargas\u00bb.<\/p>\n<p>Tambi\u00e9n recuerda, del a\u00f1o 2006 que Mariano Puyol lo recibi\u00f3 en la juvenil azul y luego cuando subi\u00f3 al primer equipo, su estratego fue Gustavo Huerta.<\/p>\n<p>En conversaci\u00f3n con <strong>Rinc\u00f3n del Bulla<\/strong>, \u00abWalala\u00bb, coment\u00f3 sobre su redebut en el Rom\u00e1ntico Viajero \u00abMuy contento, como me ha hecho sentir el cari\u00f1o la gente y el camar\u00edn\u00bb.<\/p>\n<p>Tambi\u00e9n tuvo palabras de elogio para el hombre del \u00faltimo triunfo, Gustavo Lorenzetti \u00abGustavo es un jugadorazo, lo demuestra en cada partido, en cada entrenamiento y en esta oportunidad no fue la excepci\u00f3n\u00bb.<\/p>\n<p>Finalmente dijo que: \u00abTodos los partidos van a ser dif\u00edciles\u00bb.<\/p>\n<p>&nbsp;<\/p>\n","protected":false},"excerpt":{"rendered":"<p>El nuevamente refuerzo del cuadro m\u00e1gico Felipe Seymour cont\u00f3 algunos detalles de su juventud. \u00abHasta los 17 a\u00f1os no ten\u00eda pensado ser futbolista. Quer\u00eda entrar a la academia diplom\u00e1tica, ten\u00eda la posibilidad de entrar a derecho en la Universidad de Chile\u00bb. \u00abSe me dio la posibilidad de probarme a la U, fue muy r\u00e1pido, estuve [&#8230;]<\/p>\n","protected":false},"author":21395,"featured_media":12128,"comment_status":"closed","ping_status":"open","sticky":false,"template":"","format":"standard","meta":{"footnotes":""},"categories":[18,20],"tags":[454,1116,52,1170,156],"class_list":{"0":"post-12126","1":"post","2":"type-post","3":"status-publish","4":"format-standard","5":"has-post-thumbnail","7":"category-actualidad","8":"category-avisos","9":"tag-actualidad","10":"tag-cuadro-magico","11":"tag-felipe-seymour","12":"tag-net","13":"tag-universidad-de-chile"},"_links":{"self":[{"href":"http:\/\/www.rincondelbulla.cl\/portal\/wp-json\/wp\/v2\/posts\/12126","targetHints":{"allow":["GET"]}}],"collection":[{"href":"http:\/\/www.rincondelbulla.cl\/portal\/wp-json\/wp\/v2\/posts"}],"about":[{"href":"http:\/\/www.rincondelbulla.cl\/portal\/wp-json\/wp\/v2\/types\/post"}],"author":[{"embeddable":true,"href":"http:\/\/www.rincondelbulla.cl\/portal\/wp-json\/wp\/v2\/users\/21395"}],"replies":[{"embeddable":true,"href":"http:\/\/www.rincondelbulla.cl\/portal\/wp-json\/wp\/v2\/comments?post=12126"}],"version-history":[{"count":1,"href":"http:\/\/www.rincondelbulla.cl\/portal\/wp-json\/wp\/v2\/posts\/12126\/revisions"}],"predecessor-version":[{"id":12129,"href":"http:\/\/www.rincondelbulla.cl\/portal\/wp-json\/wp\/v2\/posts\/12126\/revisions\/12129"}],"wp:featuredmedia":[{"embeddable":true,"href":"http:\/\/www.rincondelbulla.cl\/portal\/wp-json\/wp\/v2\/media\/12128"}],"wp:attachment":[{"href":"http:\/\/www.rincondelbulla.cl\/portal\/wp-json\/wp\/v2\/media?parent=12126"}],"wp:term":[{"taxonomy":"category","embeddable":true,"href":"http:\/\/www.rincondelbulla.cl\/portal\/wp-json\/wp\/v2\/categories?post=12126"},{"taxonomy":"post_tag","embeddable":true,"href":"http:\/\/www.rincondelbulla.cl\/portal\/wp-json\/wp\/v2\/tags?post=12126"}],"curies":[{"name":"wp","href":"https:\/\/api.w.org\/{rel}","templated":true}]}}