{"id":12139,"date":"2017-08-09T15:51:47","date_gmt":"2017-08-09T19:51:47","guid":{"rendered":"http:\/\/www.rincondelbulla.cl\/portal\/?p=12139"},"modified":"2017-08-11T03:46:59","modified_gmt":"2017-08-11T07:46:59","slug":"dos-que-podrian-renovar-en-la-u","status":"publish","type":"post","link":"http:\/\/www.rincondelbulla.cl\/portal\/2017\/08\/09\/dos-que-podrian-renovar-en-la-u\/","title":{"rendered":"Dos que podr\u00edan renovar en la U"},"content":{"rendered":"<p><img loading=\"lazy\" decoding=\"async\" class=\"aligncenter size-full wp-image-12140\" src=\"http:\/\/www.rincondelbulla.cl\/portal\/wp-content\/uploads\/2017\/08\/Vilches-P\u00eezarro.jpg\" alt=\"\" width=\"1266\" height=\"618\" srcset=\"http:\/\/www.rincondelbulla.cl\/portal\/wp-content\/uploads\/2017\/08\/Vilches-P\u00eezarro.jpg 1266w, http:\/\/www.rincondelbulla.cl\/portal\/wp-content\/uploads\/2017\/08\/Vilches-P\u00eezarro-300x146.jpg 300w, http:\/\/www.rincondelbulla.cl\/portal\/wp-content\/uploads\/2017\/08\/Vilches-P\u00eezarro-768x375.jpg 768w, http:\/\/www.rincondelbulla.cl\/portal\/wp-content\/uploads\/2017\/08\/Vilches-P\u00eezarro-1200x586.jpg 1200w, http:\/\/www.rincondelbulla.cl\/portal\/wp-content\/uploads\/2017\/08\/Vilches-P\u00eezarro-533x261.jpg 533w, http:\/\/www.rincondelbulla.cl\/portal\/wp-content\/uploads\/2017\/08\/Vilches-P\u00eezarro-696x340.jpg 696w, http:\/\/www.rincondelbulla.cl\/portal\/wp-content\/uploads\/2017\/08\/Vilches-P\u00eezarro-1068x521.jpg 1068w, http:\/\/www.rincondelbulla.cl\/portal\/wp-content\/uploads\/2017\/08\/Vilches-P\u00eezarro-860x420.jpg 860w\" sizes=\"auto, (max-width: 1266px) 100vw, 1266px\" \/><\/p>\n<p><strong>Dos jugadores del cuadro m\u00e1gico terminan su v\u00ednculo con el club a fines de a\u00f1o y podr\u00edan tener novedades.<\/strong><!--more--><\/p>\n<p>David Pizarro y Christian Vilches son los jugadores que estar\u00edan viendo su continuidad en la U, el primero, busca su retiro, mientras que el otro indic\u00f3 que nadie le ha hablado para ver el tema de su renovaci\u00f3n.<\/p>\n<audio class=\"wp-audio-shortcode\" id=\"audio-12139-1\" preload=\"none\" style=\"width: 100%;\" controls=\"controls\"><source type=\"audio\/mpeg\" src=\"http:\/\/www.rincondelbulla.cl\/portal\/wp-content\/uploads\/2017\/08\/UCH-Pablo-Silva-Renovaci\u00f3n-de-Pizarro.mp3?_=1\" \/><a href=\"http:\/\/www.rincondelbulla.cl\/portal\/wp-content\/uploads\/2017\/08\/UCH-Pablo-Silva-Renovaci\u00f3n-de-Pizarro.mp3\">http:\/\/www.rincondelbulla.cl\/portal\/wp-content\/uploads\/2017\/08\/UCH-Pablo-Silva-Renovaci\u00f3n-de-Pizarro.mp3<\/a><\/audio>\n<p><span data-mce-mark=\"1\"><strong>\u00abOjal\u00e1 que lo piense bien. El pr\u00f3ximo a\u00f1o tenemos una Copa Libertadores y \u00e9l es un jugador de experiencia que puede aportar mucho. \u00a0Si se retira, ojal\u00e1 siga ligado al club de una u otra forma, dependiendo de lo que quiera desarrollar\u00bb,<\/strong>\u00a0dijo el director ejecutivo Pablo Silva, respecto de Pizarro.<\/span><\/p>\n<p>Sobre Vilches, el dirigente espera que en los pr\u00f3ximos d\u00edas ya se comience a resolver la continuidad del Kily.<\/p>\n","protected":false},"excerpt":{"rendered":"<p>Dos jugadores del cuadro m\u00e1gico terminan su v\u00ednculo con el club a fines de a\u00f1o y podr\u00edan tener novedades.<\/p>\n","protected":false},"author":21395,"featured_media":12140,"comment_status":"closed","ping_status":"open","sticky":false,"template":"","format":"standard","meta":{"footnotes":""},"categories":[18,20],"tags":[454,818,1116,111,1008,156],"class_list":{"0":"post-12139","1":"post","2":"type-post","3":"status-publish","4":"format-standard","5":"has-post-thumbnail","7":"category-actualidad","8":"category-avisos","9":"tag-actualidad","10":"tag-christian-vilches","11":"tag-cuadro-magico","12":"tag-david-pizarro","13":"tag-pablo-silva","14":"tag-universidad-de-chile"},"_links":{"self":[{"href":"http:\/\/www.rincondelbulla.cl\/portal\/wp-json\/wp\/v2\/posts\/12139","targetHints":{"allow":["GET"]}}],"collection":[{"href":"http:\/\/www.rincondelbulla.cl\/portal\/wp-json\/wp\/v2\/posts"}],"about":[{"href":"http:\/\/www.rincondelbulla.cl\/portal\/wp-json\/wp\/v2\/types\/post"}],"author":[{"embeddable":true,"href":"http:\/\/www.rincondelbulla.cl\/portal\/wp-json\/wp\/v2\/users\/21395"}],"replies":[{"embeddable":true,"href":"http:\/\/www.rincondelbulla.cl\/portal\/wp-json\/wp\/v2\/comments?post=12139"}],"version-history":[{"count":5,"href":"http:\/\/www.rincondelbulla.cl\/portal\/wp-json\/wp\/v2\/posts\/12139\/revisions"}],"predecessor-version":[{"id":12166,"href":"http:\/\/www.rincondelbulla.cl\/portal\/wp-json\/wp\/v2\/posts\/12139\/revisions\/12166"}],"wp:featuredmedia":[{"embeddable":true,"href":"http:\/\/www.rincondelbulla.cl\/portal\/wp-json\/wp\/v2\/media\/12140"}],"wp:attachment":[{"href":"http:\/\/www.rincondelbulla.cl\/portal\/wp-json\/wp\/v2\/media?parent=12139"}],"wp:term":[{"taxonomy":"category","embeddable":true,"href":"http:\/\/www.rincondelbulla.cl\/portal\/wp-json\/wp\/v2\/categories?post=12139"},{"taxonomy":"post_tag","embeddable":true,"href":"http:\/\/www.rincondelbulla.cl\/portal\/wp-json\/wp\/v2\/tags?post=12139"}],"curies":[{"name":"wp","href":"https:\/\/api.w.org\/{rel}","templated":true}]}}