{"id":12150,"date":"2017-08-10T15:48:01","date_gmt":"2017-08-10T19:48:01","guid":{"rendered":"http:\/\/www.rincondelbulla.cl\/portal\/?p=12150"},"modified":"2017-08-11T03:46:05","modified_gmt":"2017-08-11T07:46:05","slug":"benegas-contento-con-su-presente-molesto-por-lo-que-se-dijo","status":"publish","type":"post","link":"http:\/\/www.rincondelbulla.cl\/portal\/2017\/08\/10\/benegas-contento-con-su-presente-molesto-por-lo-que-se-dijo\/","title":{"rendered":"Benegas contento con su presente, molesto por lo que se dijo"},"content":{"rendered":"<figure id=\"attachment_12152\" aria-describedby=\"caption-attachment-12152\" style=\"width: 1280px\" class=\"wp-caption aligncenter\"><img loading=\"lazy\" decoding=\"async\" class=\"size-full wp-image-12152\" src=\"http:\/\/www.rincondelbulla.cl\/portal\/wp-content\/uploads\/2017\/08\/Leandro-Benegas.jpg\" alt=\"\" width=\"1280\" height=\"853\" srcset=\"http:\/\/www.rincondelbulla.cl\/portal\/wp-content\/uploads\/2017\/08\/Leandro-Benegas.jpg 1280w, http:\/\/www.rincondelbulla.cl\/portal\/wp-content\/uploads\/2017\/08\/Leandro-Benegas-300x200.jpg 300w, http:\/\/www.rincondelbulla.cl\/portal\/wp-content\/uploads\/2017\/08\/Leandro-Benegas-768x512.jpg 768w, http:\/\/www.rincondelbulla.cl\/portal\/wp-content\/uploads\/2017\/08\/Leandro-Benegas-1200x800.jpg 1200w, http:\/\/www.rincondelbulla.cl\/portal\/wp-content\/uploads\/2017\/08\/Leandro-Benegas-696x464.jpg 696w, http:\/\/www.rincondelbulla.cl\/portal\/wp-content\/uploads\/2017\/08\/Leandro-Benegas-1068x712.jpg 1068w, http:\/\/www.rincondelbulla.cl\/portal\/wp-content\/uploads\/2017\/08\/Leandro-Benegas-630x420.jpg 630w\" sizes=\"auto, (max-width: 1280px) 100vw, 1280px\" \/><figcaption id=\"caption-attachment-12152\" class=\"wp-caption-text\">Fotograf\u00eda: Patricio Gonz\u00e1lez<\/figcaption><\/figure>\n<p><strong>Tras una larga espera, Leandro Benegas habl\u00f3 en la sala de prensa del Centro Deportivo Azul sobre su presente en la U y tambi\u00e9n con lo que pas\u00f3 en Palestino.<\/strong><!--more--><\/p>\n<p>Tras presentar oficialmente un nuevo auspiciador, fue el turno de Benegas de entregar sus declaraciones en el \u00ablugar donde nada es imposible\u00bb.<\/p>\n<p>\u00abYo juego como doble nueve. Por momentos ayudo en la recuperaci\u00f3n del bal\u00f3n, pero casi siempre estoy al lado de Mauricio. Siempre la prioridad y lo que me pide el t\u00e9cnico es que est\u00e9 dentro del \u00e1rea\u00bb, comenz\u00f3 diciendo el \u00ab7\u00bb azul respecto a su juego y lo mostrado el viernes tras la llegada de Pinilla.<\/p>\n<p>Antes del comienzo del torneo con la llegada de Mauricio Pinilla e Isaac D\u00edaz, el tema que circulaba por todos lados era, \u00bfD\u00f3nde jugar\u00e1 Benegas? Lo cual lo ten\u00eda bastante descontento al \u00abCami\u00f3n mendocino\u00bb.<\/p>\n<p>\u00abTengo algo de molestia por todo lo que se dijo, que me daban por fuera. De Wanderers por ejemplo, nadie se comunic\u00f3 conmigo y la gente puede pensar que no quise ir.\u00a0Nadie dijo que cometi\u00f3 un error y que ahora soy titular\u00bb, larg\u00f3 el delantero.<\/p>\n<p>Sobre Palestino, que anoche fue eliminado de una manera grotesca, agreg\u00f3 que \u00abPrefiero guardarme el pensamiento para mi. Tendr\u00edan que ver el tema competitivo, no me parece que juguemos cuando otros equipos vienen aceitados y nosotros no hemos jugado nada\u00bb.<\/p>\n<p>Tras ser consultado el cuerpo t\u00e9cnico, el \u00abToro\u00bb dio a conocer todo el respaldo que tiene. \u00abEl profe es bien cercano y su compa\u00f1\u00eda hace que lleguen los resultados, es un conjunto de todo en los resultados. Siento que hoy el club est\u00e1 pasando un bien momento y estoy contento que a todos nos est\u00e9 yendo bien\u00bb.<\/p>\n<p>Finalmente respecto al juego en el sint\u00e9tico de Quillota agreg\u00f3 que es parte de la competencia. \u00abHay que jugar s\u00ed o s\u00ed, hay que adaptarse a la cancha, lugar de entrenamiento, nosotros debemos ir y hacer nuestro trabajo, traernos los tres puntos, ya que as\u00ed como jugamos nosotros, tambi\u00e9n lo hacen otros\u00bb.<\/p>\n<blockquote class=\"twitter-tweet\">\n<p dir=\"ltr\" lang=\"es\">El entrenamiento de esta jornada donde Rinc\u00f3n del Bulla estuvo presente <a href=\"https:\/\/twitter.com\/hashtag\/AguantelaU?src=hash\">#AguantelaU<\/a> <a href=\"https:\/\/t.co\/OgEyFiSvgs\">pic.twitter.com\/OgEyFiSvgs<\/a><\/p>\n<p>\u2014 Rinc\u00f3n del Bulla (@rincondelbulla) <a href=\"https:\/\/twitter.com\/rincondelbulla\/status\/895708830008586240\">10 de agosto de 2017<\/a><\/p><\/blockquote>\n","protected":false},"excerpt":{"rendered":"<p>Tras una larga espera, Leandro Benegas habl\u00f3 en la sala de prensa del Centro Deportivo Azul sobre su presente en la U y tambi\u00e9n con lo que pas\u00f3 en Palestino.<\/p>\n","protected":false},"author":21396,"featured_media":12152,"comment_status":"closed","ping_status":"open","sticky":false,"template":"","format":"standard","meta":{"footnotes":""},"categories":[18,20],"tags":[454,1174,319,156],"class_list":{"0":"post-12150","1":"post","2":"type-post","3":"status-publish","4":"format-standard","5":"has-post-thumbnail","7":"category-actualidad","8":"category-avisos","9":"tag-actualidad","10":"tag-gatorade","11":"tag-leandro-benegas","12":"tag-universidad-de-chile"},"_links":{"self":[{"href":"http:\/\/www.rincondelbulla.cl\/portal\/wp-json\/wp\/v2\/posts\/12150","targetHints":{"allow":["GET"]}}],"collection":[{"href":"http:\/\/www.rincondelbulla.cl\/portal\/wp-json\/wp\/v2\/posts"}],"about":[{"href":"http:\/\/www.rincondelbulla.cl\/portal\/wp-json\/wp\/v2\/types\/post"}],"author":[{"embeddable":true,"href":"http:\/\/www.rincondelbulla.cl\/portal\/wp-json\/wp\/v2\/users\/21396"}],"replies":[{"embeddable":true,"href":"http:\/\/www.rincondelbulla.cl\/portal\/wp-json\/wp\/v2\/comments?post=12150"}],"version-history":[{"count":4,"href":"http:\/\/www.rincondelbulla.cl\/portal\/wp-json\/wp\/v2\/posts\/12150\/revisions"}],"predecessor-version":[{"id":12163,"href":"http:\/\/www.rincondelbulla.cl\/portal\/wp-json\/wp\/v2\/posts\/12150\/revisions\/12163"}],"wp:featuredmedia":[{"embeddable":true,"href":"http:\/\/www.rincondelbulla.cl\/portal\/wp-json\/wp\/v2\/media\/12152"}],"wp:attachment":[{"href":"http:\/\/www.rincondelbulla.cl\/portal\/wp-json\/wp\/v2\/media?parent=12150"}],"wp:term":[{"taxonomy":"category","embeddable":true,"href":"http:\/\/www.rincondelbulla.cl\/portal\/wp-json\/wp\/v2\/categories?post=12150"},{"taxonomy":"post_tag","embeddable":true,"href":"http:\/\/www.rincondelbulla.cl\/portal\/wp-json\/wp\/v2\/tags?post=12150"}],"curies":[{"name":"wp","href":"https:\/\/api.w.org\/{rel}","templated":true}]}}