{"id":12194,"date":"2017-08-12T21:00:45","date_gmt":"2017-08-13T01:00:45","guid":{"rendered":"http:\/\/www.rincondelbulla.cl\/portal\/?p=12194"},"modified":"2017-08-12T22:27:14","modified_gmt":"2017-08-13T02:27:14","slug":"la-previa-a-quillota-los-pasajes","status":"publish","type":"post","link":"http:\/\/www.rincondelbulla.cl\/portal\/2017\/08\/12\/la-previa-a-quillota-los-pasajes\/","title":{"rendered":"La Previa: A Quillota los pasajes"},"content":{"rendered":"<figure id=\"attachment_7596\" aria-describedby=\"caption-attachment-7596\" style=\"width: 1100px\" class=\"wp-caption aligncenter\"><img loading=\"lazy\" decoding=\"async\" class=\"wp-image-7596 size-full\" src=\"http:\/\/www.rincondelbulla.cl\/portal\/wp-content\/uploads\/2015\/09\/IMG_25291.jpg\" alt=\"\" width=\"1100\" height=\"732\" srcset=\"http:\/\/www.rincondelbulla.cl\/portal\/wp-content\/uploads\/2015\/09\/IMG_25291.jpg 1100w, http:\/\/www.rincondelbulla.cl\/portal\/wp-content\/uploads\/2015\/09\/IMG_25291-300x200.jpg 300w, http:\/\/www.rincondelbulla.cl\/portal\/wp-content\/uploads\/2015\/09\/IMG_25291-768x511.jpg 768w, http:\/\/www.rincondelbulla.cl\/portal\/wp-content\/uploads\/2015\/09\/IMG_25291-696x463.jpg 696w, http:\/\/www.rincondelbulla.cl\/portal\/wp-content\/uploads\/2015\/09\/IMG_25291-1068x711.jpg 1068w, http:\/\/www.rincondelbulla.cl\/portal\/wp-content\/uploads\/2015\/09\/IMG_25291-631x420.jpg 631w\" sizes=\"auto, (max-width: 1100px) 100vw, 1100px\" \/><figcaption id=\"caption-attachment-7596\" class=\"wp-caption-text\">Foto: Patricio Gonz\u00e1lez<\/figcaption><\/figure>\n<p><strong>Este domingo al mediod\u00eda la Universidad de Chile visitar\u00e1 la cancha sint\u00e9tica del Lucio Fari\u00f1a para enfrentar a San Luis de Quillota. El cuadro de Guillermo Hoyos buscar\u00e1 continuar con su racha de triunfos ante un equipo siempre complicado.<\/strong><\/p>\n<p><!--more--><\/p>\n<p>Pese a no lucir, hoy la U es puntera con dos partidos jugados y dos partidos ganados. Esto en parte tiene conforme al equipo, pero tanto desde la directiva como los jugadores saben que a\u00fan falta ponerse a punto.<\/p>\n<p>En ese sentido, el t\u00e9cnico Juan Guillermo Hoyos de a poco va visualizando el que podr\u00eda ser el equipo ideal. Sin embargo, pese a que ya asoma la tercera fecha hay jugadores que a\u00fan no muestran sus armas. Uno de ellos es Isaac D\u00edaz, quien fue citado para el duelo de este domingo.<\/p>\n<p>Otro que volver\u00eda a la citaci\u00f3n y a la oncena titular es Mat\u00edas Rodr\u00edguez, quien tras cumplir su castigo estar\u00eda listo para volver.<\/p>\n<p>Considerando esto, la U formar\u00eda as\u00ed:<\/p>\n<p><strong>Johnny Herrera; Mat\u00edas Rodr\u00edguez, Christian V\u00edlches, Gonzalo Jara, Jean Beausejour; Rafael Caroca, Lorenzo Reyes, Gustavo Lorenzetti; Francisco Arancibia, Mauricio Pinilla y Leandro Benegas.<\/strong><\/p>\n<p>Este domingo 13 de agosto a las 12:00 horas saldr\u00e1n ambos equipos a la cancha en un duelo que estar\u00e1 marcado por el reencuentro del ex capit\u00e1n azul, Pepe Rojas, con su equipo.<\/p>\n","protected":false},"excerpt":{"rendered":"<p>Este domingo al mediod\u00eda la Universidad de Chile visitar\u00e1 la cancha sint\u00e9tica del Lucio Fari\u00f1a para enfrentar a San Luis de Quillota. El cuadro de Guillermo Hoyos buscar\u00e1 continuar con su racha de triunfos ante un equipo siempre complicado.<\/p>\n","protected":false},"author":21383,"featured_media":12196,"comment_status":"closed","ping_status":"open","sticky":false,"template":"","format":"standard","meta":{"footnotes":""},"categories":[18],"tags":[454,37,157,841,1179,156],"class_list":{"0":"post-12194","1":"post","2":"type-post","3":"status-publish","4":"format-standard","5":"has-post-thumbnail","7":"category-actualidad","8":"tag-actualidad","9":"tag-la-previa","10":"tag-portada","11":"tag-san-luis","12":"tag-tercera-fecha","13":"tag-universidad-de-chile"},"_links":{"self":[{"href":"http:\/\/www.rincondelbulla.cl\/portal\/wp-json\/wp\/v2\/posts\/12194","targetHints":{"allow":["GET"]}}],"collection":[{"href":"http:\/\/www.rincondelbulla.cl\/portal\/wp-json\/wp\/v2\/posts"}],"about":[{"href":"http:\/\/www.rincondelbulla.cl\/portal\/wp-json\/wp\/v2\/types\/post"}],"author":[{"embeddable":true,"href":"http:\/\/www.rincondelbulla.cl\/portal\/wp-json\/wp\/v2\/users\/21383"}],"replies":[{"embeddable":true,"href":"http:\/\/www.rincondelbulla.cl\/portal\/wp-json\/wp\/v2\/comments?post=12194"}],"version-history":[{"count":1,"href":"http:\/\/www.rincondelbulla.cl\/portal\/wp-json\/wp\/v2\/posts\/12194\/revisions"}],"predecessor-version":[{"id":12195,"href":"http:\/\/www.rincondelbulla.cl\/portal\/wp-json\/wp\/v2\/posts\/12194\/revisions\/12195"}],"wp:featuredmedia":[{"embeddable":true,"href":"http:\/\/www.rincondelbulla.cl\/portal\/wp-json\/wp\/v2\/media\/12196"}],"wp:attachment":[{"href":"http:\/\/www.rincondelbulla.cl\/portal\/wp-json\/wp\/v2\/media?parent=12194"}],"wp:term":[{"taxonomy":"category","embeddable":true,"href":"http:\/\/www.rincondelbulla.cl\/portal\/wp-json\/wp\/v2\/categories?post=12194"},{"taxonomy":"post_tag","embeddable":true,"href":"http:\/\/www.rincondelbulla.cl\/portal\/wp-json\/wp\/v2\/tags?post=12194"}],"curies":[{"name":"wp","href":"https:\/\/api.w.org\/{rel}","templated":true}]}}