{"id":12232,"date":"2017-08-16T08:43:43","date_gmt":"2017-08-16T12:43:43","guid":{"rendered":"http:\/\/www.rincondelbulla.cl\/portal\/?p=12232"},"modified":"2017-08-16T08:43:43","modified_gmt":"2017-08-16T12:43:43","slug":"la-efectividad-de-mora-pena-en-la-u","status":"publish","type":"post","link":"http:\/\/www.rincondelbulla.cl\/portal\/2017\/08\/16\/la-efectividad-de-mora-pena-en-la-u\/","title":{"rendered":"La efectividad de Mora pena en la \u201cU\u201d"},"content":{"rendered":"<figure id=\"attachment_12234\" aria-describedby=\"caption-attachment-12234\" style=\"width: 2048px\" class=\"wp-caption alignnone\"><img loading=\"lazy\" decoding=\"async\" class=\"wp-image-12234 size-full\" src=\"http:\/\/www.rincondelbulla.cl\/portal\/wp-content\/uploads\/2017\/08\/Equipo.jpg\" alt=\"\" width=\"2048\" height=\"1365\" srcset=\"http:\/\/www.rincondelbulla.cl\/portal\/wp-content\/uploads\/2017\/08\/Equipo.jpg 2048w, http:\/\/www.rincondelbulla.cl\/portal\/wp-content\/uploads\/2017\/08\/Equipo-300x200.jpg 300w, http:\/\/www.rincondelbulla.cl\/portal\/wp-content\/uploads\/2017\/08\/Equipo-768x512.jpg 768w, http:\/\/www.rincondelbulla.cl\/portal\/wp-content\/uploads\/2017\/08\/Equipo-1200x800.jpg 1200w, http:\/\/www.rincondelbulla.cl\/portal\/wp-content\/uploads\/2017\/08\/Equipo-696x464.jpg 696w, http:\/\/www.rincondelbulla.cl\/portal\/wp-content\/uploads\/2017\/08\/Equipo-1068x712.jpg 1068w, http:\/\/www.rincondelbulla.cl\/portal\/wp-content\/uploads\/2017\/08\/Equipo-630x420.jpg 630w\" sizes=\"auto, (max-width: 2048px) 100vw, 2048px\" \/><figcaption id=\"caption-attachment-12234\" class=\"wp-caption-text\">Foto: Rene Francisco S\u00e1ez Vicu\u00f1a<\/figcaption><\/figure>\n<p><strong>La escasez de gol en arco contrario ha marcado los primeros partidos de Universidad de Chile en este Torneo Transici\u00f3n 2017. Un dato que si bien no incomoda a\u00fan al cuerpo t\u00e9cnico de Guillermo Hoyos, si llama la atenci\u00f3n por las alternativas que tiene el equipo en \u00e1rea rival.<\/strong><!--more--><\/p>\n<p>De las tres fechas disputadas e igual cantidad de goles a favor, ninguno ha sido convertido por alguno de los delanteros azules. Nombres como Pinilla, Benegas, Ubilla y del resto de los atacantes est\u00e1n al debe.<\/p>\n<p>El torneo pasado, Felipe Mora fue quien se llev\u00f3 el peso de ser el goleador del equipo, con 13 goles, los que finalmente pavimentaron el camino a la estrella 18. Es por eso que la dirigencia quiso retenerlo, pero el tema econ\u00f3mico e inter\u00e9s del Cruz Azul mexicano lo llevaron a emigrar.<\/p>\n<p>De inmediato se inici\u00f3 el debate de qu\u00e9 nombres ser\u00edan alternativas para reemplazar al goleador. En casa ya estaban Sebasti\u00e1n Ubilla, Leandro Benegas y Jonathan Zacar\u00eda, quien se recuperaba de una lesi\u00f3n. Francisco Arancibia e Isaac D\u00edaz llegaban como nuevas alternativas. Pero son duda los ojos est\u00e1n puestos en quien sin duda es el refuerzo estrella desde este campeonato: Mauricio Pinilla.<\/p>\n<p>El delantero ya lleva jugados dos partidos pero a\u00fan no logra marcar. En su redebut frente a Deportes Temuco, se le vio movedizo y se gener\u00f3 algunas chances. Contra San Luis. Al igual que la mayor\u00eda del equipo, fue un fantasma dentro de la cancha. Seg\u00fan consigna Diario La Tercera, Pinilla sabe que debe volver pronto a su poder\u00edo goleador, por lo que se quedar\u00eda tras las pr\u00e1cticas habituales a desarrollar trabajos con bal\u00f3n que le permitan retomar ese hermosa y bien valorada relaci\u00f3n con el arco rival.<\/p>\n<p>Es de esperar que ante Huachipato, los delanteros puedan acabar con esta racha negativa de gol, m\u00e1s pensando que siete d\u00edas despu\u00e9s se juega el partido que todos quieren ganar y en que cualquier delantero sue\u00f1a con ser h\u00e9roe: el Supercl\u00e1sico.<\/p>\n","protected":false},"excerpt":{"rendered":"<p>La escasez de gol en arco contrario ha marcado los primeros partidos de Universidad de Chile en este Torneo Transici\u00f3n 2017. Un dato que si bien no incomoda a\u00fan al cuerpo t\u00e9cnico de Guillermo Hoyos, si llama la atenci\u00f3n por las alternativas que tiene el equipo en \u00e1rea rival.<\/p>\n","protected":false},"author":21382,"featured_media":12233,"comment_status":"closed","ping_status":"open","sticky":false,"template":"","format":"standard","meta":{"footnotes":""},"categories":[18],"tags":[454,432,1115,1006,217,987,319,631,157,118,1092,294,156],"class_list":{"0":"post-12232","1":"post","2":"type-post","3":"status-publish","4":"format-standard","5":"has-post-thumbnail","7":"category-actualidad","8":"tag-actualidad","9":"tag-diario-la-tercera","10":"tag-francisco-arancibia","11":"tag-guillermo-hoyos","12":"tag-isaac-diaz","13":"tag-jonathan-zacaria","14":"tag-leandro-benegas","15":"tag-mauricio-pinilla","16":"tag-portada","17":"tag-sebastian-ubilla","18":"tag-torneo-transicion-2017","19":"tag-u-de-chile","20":"tag-universidad-de-chile"},"_links":{"self":[{"href":"http:\/\/www.rincondelbulla.cl\/portal\/wp-json\/wp\/v2\/posts\/12232","targetHints":{"allow":["GET"]}}],"collection":[{"href":"http:\/\/www.rincondelbulla.cl\/portal\/wp-json\/wp\/v2\/posts"}],"about":[{"href":"http:\/\/www.rincondelbulla.cl\/portal\/wp-json\/wp\/v2\/types\/post"}],"author":[{"embeddable":true,"href":"http:\/\/www.rincondelbulla.cl\/portal\/wp-json\/wp\/v2\/users\/21382"}],"replies":[{"embeddable":true,"href":"http:\/\/www.rincondelbulla.cl\/portal\/wp-json\/wp\/v2\/comments?post=12232"}],"version-history":[{"count":1,"href":"http:\/\/www.rincondelbulla.cl\/portal\/wp-json\/wp\/v2\/posts\/12232\/revisions"}],"predecessor-version":[{"id":12235,"href":"http:\/\/www.rincondelbulla.cl\/portal\/wp-json\/wp\/v2\/posts\/12232\/revisions\/12235"}],"wp:featuredmedia":[{"embeddable":true,"href":"http:\/\/www.rincondelbulla.cl\/portal\/wp-json\/wp\/v2\/media\/12233"}],"wp:attachment":[{"href":"http:\/\/www.rincondelbulla.cl\/portal\/wp-json\/wp\/v2\/media?parent=12232"}],"wp:term":[{"taxonomy":"category","embeddable":true,"href":"http:\/\/www.rincondelbulla.cl\/portal\/wp-json\/wp\/v2\/categories?post=12232"},{"taxonomy":"post_tag","embeddable":true,"href":"http:\/\/www.rincondelbulla.cl\/portal\/wp-json\/wp\/v2\/tags?post=12232"}],"curies":[{"name":"wp","href":"https:\/\/api.w.org\/{rel}","templated":true}]}}