{"id":12317,"date":"2017-08-21T08:49:58","date_gmt":"2017-08-21T12:49:58","guid":{"rendered":"http:\/\/www.rincondelbulla.cl\/portal\/?p=12317"},"modified":"2017-08-21T08:49:58","modified_gmt":"2017-08-21T12:49:58","slug":"herrera-vamos-a-ir-a-ganar-ese-partido","status":"publish","type":"post","link":"http:\/\/www.rincondelbulla.cl\/portal\/2017\/08\/21\/herrera-vamos-a-ir-a-ganar-ese-partido\/","title":{"rendered":"Herrera: \u00abVamos a ir a ganar ese partido\u00bb"},"content":{"rendered":"<figure id=\"attachment_12318\" aria-describedby=\"caption-attachment-12318\" style=\"width: 1136px\" class=\"wp-caption aligncenter\"><img loading=\"lazy\" decoding=\"async\" class=\"size-full wp-image-12318\" src=\"http:\/\/www.rincondelbulla.cl\/portal\/wp-content\/uploads\/2017\/08\/IMG_20170820_210624246.jpg\" alt=\"\" width=\"1136\" height=\"700\" srcset=\"http:\/\/www.rincondelbulla.cl\/portal\/wp-content\/uploads\/2017\/08\/IMG_20170820_210624246.jpg 1136w, http:\/\/www.rincondelbulla.cl\/portal\/wp-content\/uploads\/2017\/08\/IMG_20170820_210624246-300x185.jpg 300w, http:\/\/www.rincondelbulla.cl\/portal\/wp-content\/uploads\/2017\/08\/IMG_20170820_210624246-768x473.jpg 768w, http:\/\/www.rincondelbulla.cl\/portal\/wp-content\/uploads\/2017\/08\/IMG_20170820_210624246-356x220.jpg 356w, http:\/\/www.rincondelbulla.cl\/portal\/wp-content\/uploads\/2017\/08\/IMG_20170820_210624246-696x429.jpg 696w, http:\/\/www.rincondelbulla.cl\/portal\/wp-content\/uploads\/2017\/08\/IMG_20170820_210624246-1068x658.jpg 1068w, http:\/\/www.rincondelbulla.cl\/portal\/wp-content\/uploads\/2017\/08\/IMG_20170820_210624246-682x420.jpg 682w\" sizes=\"auto, (max-width: 1136px) 100vw, 1136px\" \/><figcaption id=\"caption-attachment-12318\" class=\"wp-caption-text\">Fotograf\u00eda: Leo Mora<\/figcaption><\/figure>\n<p><strong>Johnny Herrera, anticip\u00f3 lo que ser\u00e1 el pr\u00f3ximo domingo el supercl\u00e1sico ante Colo Colo en el Monumental, afirmando que \u201chace tiempo que no lleg\u00e1bamos tan bien\u201d.\u00a0<\/strong><\/p>\n<p>Consultado por el siguiente duelo del cuadro m\u00e1gico, el capit\u00e1n declar\u00f3 que est\u00e1n en muy buen pie para romper con 16 a\u00f1os sin ganar en el reducto de los albos.<\/p>\n<p>\u201cObviamente tenemos una responsabilidad muy grande, hace muchos a\u00f1os que no lleg\u00e1bamos tan bien a un partido tan importante. Est\u00e1 la fe intacta que podemos hacer un gran partido y podamos ganar por fin ganar en ese estadio. Somos un equipo tremendamente maduro y no tenemos bajas. Vamos con todo\u201d, expres\u00f3.<\/p>\n<p>\u201cHace rato que no veo un equipo tan fuerte, identificado y tan maduro. Con mucha confianza que vamos a ir a ganar ese partido. Hay gente grande, pienso que pocas veces hemos llegado de la forma que llegamos hoy. Con jugadores de mucha experiencia, toda la fe del mundo y est\u00e1 ser\u00e1 la vez que podamos ganar\u201d, sentenci\u00f3 el experimentado meta.<\/p>\n<p>De esta forma, Herrera conf\u00eda en dar el batacazo en Pedrero, principalmente por la calidad del plantel del actual campe\u00f3n del torneo.<\/p>\n<p><strong>No s\u00f3lo Herrera habl\u00f3 con los medios, revisa la siguiente nota del Rinc\u00f3n del Bulla.<\/strong><\/p>\n<p><iframe loading=\"lazy\" src=\"https:\/\/www.youtube.com\/embed\/iOqhw4Be79I\" width=\"560\" height=\"315\" frameborder=\"0\" allowfullscreen=\"allowfullscreen\"><\/iframe><\/p>\n","protected":false},"excerpt":{"rendered":"<p>Johnny Herrera, anticip\u00f3 lo que ser\u00e1 el pr\u00f3ximo domingo el supercl\u00e1sico ante Colo Colo en el Monumental, afirmando que \u201chace tiempo que no lleg\u00e1bamos tan bien\u201d.\u00a0 Consultado por el siguiente duelo del cuadro m\u00e1gico, el capit\u00e1n declar\u00f3 que est\u00e1n en muy buen pie para romper con 16 a\u00f1os sin ganar en el reducto de los [&#8230;]<\/p>\n","protected":false},"author":21395,"featured_media":12318,"comment_status":"closed","ping_status":"open","sticky":false,"template":"","format":"standard","meta":{"footnotes":""},"categories":[18],"tags":[454,1116,111,52,821,41,156],"class_list":{"0":"post-12317","1":"post","2":"type-post","3":"status-publish","4":"format-standard","5":"has-post-thumbnail","7":"category-actualidad","8":"tag-actualidad","9":"tag-cuadro-magico","10":"tag-david-pizarro","11":"tag-felipe-seymour","12":"tag-jean-beausejour","13":"tag-johnny-herrera","14":"tag-universidad-de-chile"},"_links":{"self":[{"href":"http:\/\/www.rincondelbulla.cl\/portal\/wp-json\/wp\/v2\/posts\/12317","targetHints":{"allow":["GET"]}}],"collection":[{"href":"http:\/\/www.rincondelbulla.cl\/portal\/wp-json\/wp\/v2\/posts"}],"about":[{"href":"http:\/\/www.rincondelbulla.cl\/portal\/wp-json\/wp\/v2\/types\/post"}],"author":[{"embeddable":true,"href":"http:\/\/www.rincondelbulla.cl\/portal\/wp-json\/wp\/v2\/users\/21395"}],"replies":[{"embeddable":true,"href":"http:\/\/www.rincondelbulla.cl\/portal\/wp-json\/wp\/v2\/comments?post=12317"}],"version-history":[{"count":1,"href":"http:\/\/www.rincondelbulla.cl\/portal\/wp-json\/wp\/v2\/posts\/12317\/revisions"}],"predecessor-version":[{"id":12319,"href":"http:\/\/www.rincondelbulla.cl\/portal\/wp-json\/wp\/v2\/posts\/12317\/revisions\/12319"}],"wp:featuredmedia":[{"embeddable":true,"href":"http:\/\/www.rincondelbulla.cl\/portal\/wp-json\/wp\/v2\/media\/12318"}],"wp:attachment":[{"href":"http:\/\/www.rincondelbulla.cl\/portal\/wp-json\/wp\/v2\/media?parent=12317"}],"wp:term":[{"taxonomy":"category","embeddable":true,"href":"http:\/\/www.rincondelbulla.cl\/portal\/wp-json\/wp\/v2\/categories?post=12317"},{"taxonomy":"post_tag","embeddable":true,"href":"http:\/\/www.rincondelbulla.cl\/portal\/wp-json\/wp\/v2\/tags?post=12317"}],"curies":[{"name":"wp","href":"https:\/\/api.w.org\/{rel}","templated":true}]}}