{"id":12326,"date":"2017-08-22T07:51:11","date_gmt":"2017-08-22T11:51:11","guid":{"rendered":"http:\/\/www.rincondelbulla.cl\/portal\/?p=12326"},"modified":"2017-08-22T07:53:47","modified_gmt":"2017-08-22T11:53:47","slug":"novena-asamblea-de-hinchas-azules","status":"publish","type":"post","link":"http:\/\/www.rincondelbulla.cl\/portal\/2017\/08\/22\/novena-asamblea-de-hinchas-azules\/","title":{"rendered":"Novena asamblea de hinchas azules"},"content":{"rendered":"<p><img loading=\"lazy\" decoding=\"async\" class=\"aligncenter size-full wp-image-12327\" src=\"http:\/\/www.rincondelbulla.cl\/portal\/wp-content\/uploads\/2017\/08\/Asamblea.jpg\" alt=\"\" width=\"974\" height=\"361\" srcset=\"http:\/\/www.rincondelbulla.cl\/portal\/wp-content\/uploads\/2017\/08\/Asamblea.jpg 974w, http:\/\/www.rincondelbulla.cl\/portal\/wp-content\/uploads\/2017\/08\/Asamblea-300x111.jpg 300w, http:\/\/www.rincondelbulla.cl\/portal\/wp-content\/uploads\/2017\/08\/Asamblea-768x285.jpg 768w, http:\/\/www.rincondelbulla.cl\/portal\/wp-content\/uploads\/2017\/08\/Asamblea-696x258.jpg 696w\" sizes=\"auto, (max-width: 974px) 100vw, 974px\" \/><\/p>\n<p><strong>Han pasado cuatro a\u00f1os desde que se reunieron por primera vez cientos de hinchas azules para analizar el momento que viv\u00eda el cuadro m\u00e1gico como instituci\u00f3n y en septiembre nuevamente lo har\u00e1n.<\/strong><\/p>\n<p>Esta es la invitaci\u00f3n que ahora hace la asociaci\u00f3n para un nuevo encuentro entre camaradas.<\/p>\n<p>\u00ab4 de enero de 2014 y ten\u00eda lugar la hist\u00f3rica Primera Asamblea de Hinchas Azules. Ese fue un hermoso primer paso hacia lo que las y los hinchas autoconvocados denimonan la Recuperaci\u00f3n y Reconstrucci\u00f3n del Club.<\/p>\n<p>Ha pasado el tiempo y desde entonces ya se han realizado 8 grandes Asambleas, todas con convocatorias masivas y caracterizadas por la horizontalidad y su esp\u00edritu democr\u00e1tico. Se han sentado los lineamientos de esta gran lucha y se han tomado decisiones fudamentales para ir avanzando.<\/p>\n<p>Ahora es el turno de la NOVENA ASAMBLEA DE HINCHAS AZULES. En ella repasaremos lo que ha sido el desarrollo de la propuesta por cambiar la Ley de Sociedades An\u00f3nimas Deportivas, y analizaremos\u00a0<span class=\"text_exposed_show\">con detalle su actual contenido, con especial \u00e9nfasis en el trabajo de nuestra organizaci\u00f3n en el parlamento. Tambi\u00e9n se abordar\u00e1 el trabajo en torno al sobreseimiento de la quiebra de la Corfuch y discutiremos sobre c\u00f3mo proceder en ese aspecto. Adem\u00e1s, realizaremos un consulta sobre tem\u00e1ticas de g\u00e9nero y participaici\u00f3n. Finalmente , se discutir\u00e1n algunas reformas estatutarias para la Asociaci\u00f3n Hinchas Azules.<\/span><\/p>\n<p>Ese d\u00eda, 2 de septiembre, juega la U contra Audax, \u00a1as\u00ed que les invitamos a hacer la previa en camarader\u00eda y luchando!\u00bb<\/p>\n","protected":false},"excerpt":{"rendered":"<p>Han pasado cuatro a\u00f1os desde que se reunieron por primera vez cientos de hinchas azules para analizar el momento que viv\u00eda el cuadro m\u00e1gico como instituci\u00f3n y en septiembre nuevamente lo har\u00e1n. Esta es la invitaci\u00f3n que ahora hace la asociaci\u00f3n para un nuevo encuentro entre camaradas. \u00ab4 de enero de 2014 y ten\u00eda lugar [&#8230;]<\/p>\n","protected":false},"author":21395,"featured_media":12329,"comment_status":"closed","ping_status":"open","sticky":false,"template":"","format":"standard","meta":{"footnotes":""},"categories":[18],"tags":[454,278,1196,1116,156],"class_list":{"0":"post-12326","1":"post","2":"type-post","3":"status-publish","4":"format-standard","5":"has-post-thumbnail","7":"category-actualidad","8":"tag-actualidad","9":"tag-asamblea-de-hinchas-azules","10":"tag-asociacion-de-hinchas-azules","11":"tag-cuadro-magico","12":"tag-universidad-de-chile"},"_links":{"self":[{"href":"http:\/\/www.rincondelbulla.cl\/portal\/wp-json\/wp\/v2\/posts\/12326","targetHints":{"allow":["GET"]}}],"collection":[{"href":"http:\/\/www.rincondelbulla.cl\/portal\/wp-json\/wp\/v2\/posts"}],"about":[{"href":"http:\/\/www.rincondelbulla.cl\/portal\/wp-json\/wp\/v2\/types\/post"}],"author":[{"embeddable":true,"href":"http:\/\/www.rincondelbulla.cl\/portal\/wp-json\/wp\/v2\/users\/21395"}],"replies":[{"embeddable":true,"href":"http:\/\/www.rincondelbulla.cl\/portal\/wp-json\/wp\/v2\/comments?post=12326"}],"version-history":[{"count":3,"href":"http:\/\/www.rincondelbulla.cl\/portal\/wp-json\/wp\/v2\/posts\/12326\/revisions"}],"predecessor-version":[{"id":12331,"href":"http:\/\/www.rincondelbulla.cl\/portal\/wp-json\/wp\/v2\/posts\/12326\/revisions\/12331"}],"wp:featuredmedia":[{"embeddable":true,"href":"http:\/\/www.rincondelbulla.cl\/portal\/wp-json\/wp\/v2\/media\/12329"}],"wp:attachment":[{"href":"http:\/\/www.rincondelbulla.cl\/portal\/wp-json\/wp\/v2\/media?parent=12326"}],"wp:term":[{"taxonomy":"category","embeddable":true,"href":"http:\/\/www.rincondelbulla.cl\/portal\/wp-json\/wp\/v2\/categories?post=12326"},{"taxonomy":"post_tag","embeddable":true,"href":"http:\/\/www.rincondelbulla.cl\/portal\/wp-json\/wp\/v2\/tags?post=12326"}],"curies":[{"name":"wp","href":"https:\/\/api.w.org\/{rel}","templated":true}]}}