{"id":12335,"date":"2017-08-22T08:20:28","date_gmt":"2017-08-22T12:20:28","guid":{"rendered":"http:\/\/www.rincondelbulla.cl\/portal\/?p=12335"},"modified":"2017-08-22T08:20:28","modified_gmt":"2017-08-22T12:20:28","slug":"mas-goles-en-el-futuro-azul","status":"publish","type":"post","link":"http:\/\/www.rincondelbulla.cl\/portal\/2017\/08\/22\/mas-goles-en-el-futuro-azul\/","title":{"rendered":"M\u00e1s goles en el futuro azul"},"content":{"rendered":"<p><img loading=\"lazy\" decoding=\"async\" class=\"aligncenter size-full wp-image-12336\" src=\"http:\/\/www.rincondelbulla.cl\/portal\/wp-content\/uploads\/2017\/08\/Formativo-22-de-Agosto.jpg\" alt=\"\" width=\"1440\" height=\"810\" srcset=\"http:\/\/www.rincondelbulla.cl\/portal\/wp-content\/uploads\/2017\/08\/Formativo-22-de-Agosto.jpg 1440w, http:\/\/www.rincondelbulla.cl\/portal\/wp-content\/uploads\/2017\/08\/Formativo-22-de-Agosto-300x169.jpg 300w, http:\/\/www.rincondelbulla.cl\/portal\/wp-content\/uploads\/2017\/08\/Formativo-22-de-Agosto-768x432.jpg 768w, http:\/\/www.rincondelbulla.cl\/portal\/wp-content\/uploads\/2017\/08\/Formativo-22-de-Agosto-1200x675.jpg 1200w, http:\/\/www.rincondelbulla.cl\/portal\/wp-content\/uploads\/2017\/08\/Formativo-22-de-Agosto-696x392.jpg 696w, http:\/\/www.rincondelbulla.cl\/portal\/wp-content\/uploads\/2017\/08\/Formativo-22-de-Agosto-1068x601.jpg 1068w, http:\/\/www.rincondelbulla.cl\/portal\/wp-content\/uploads\/2017\/08\/Formativo-22-de-Agosto-747x420.jpg 747w\" sizes=\"auto, (max-width: 1440px) 100vw, 1440px\" \/><\/p>\n<p><strong>Buenos resultados obtuvieron las categor\u00edas del f\u00fatbol formativo de nuestro cuadro m\u00e1gico.<\/strong><\/p>\n<p>La U Sub 19 que dirige Luis Musrri derrot\u00f3 a Cobresal por 2 goles a 1. Las anotaciones Azules fueron obra de Mat\u00edas Parada y Gabriel Mazuela.<\/p>\n<p>Sub 17 Azul cay\u00f3 por 4-2 frente a Cobresal. Los goles Azules fueron obra de Alessandro Rizzoli. Ambos partidos disputados en el\u00a0<span class=\"fwn fcg\"><span class=\"fcg\">Complejo Deportivo Amador Donoso.<\/span><\/span><\/p>\n<p>La Sub 16 Azul vuelve al triunfo tr\u00e1s derrotar a Cobresal por 4-1 con anotaciones de Ignacio Arqueros (2), Jos\u00e9 Gatica y \u00c1lvaro Zapata en el Centro Deportivo Azul.<\/p>\n<p>La Sub 15 de La U cierr\u00f3 la tercera Fecha del F\u00fatbol Joven con una goleada. Con goles de Gregorio D\u00edaz (2), Crist\u00f3bal Mu\u00f1oz (2) y Sim\u00f3n Contreras el Equipo dirijido por C\u00e9sar Henr\u00edquez se impuso por 5-0 frente a Cobresal.<\/p>\n<p>Sub 11 y Sub 12 de La U golearon en el CDA a Uni\u00f3n La Calera.<\/p>\n<p>Sub 11<br \/>\nU de Chile 11-0 U. La Calera<\/p>\n<div class=\"text_exposed_show\">\n<p>Sub 12<br \/>\nU de Chile 8-0 U. La Calera<\/p>\n<p>En La Calera las categor\u00edas Sub 13 y Sub 14 de la U derrotaron a Uni\u00f3n La Calera en el cierre de la cuarta Fecha del F\u00fatbol Infantil.<\/p>\n<\/div>\n<p>Sub 13<br \/>\nU. La Calera 0-6 U de Chile<\/p>\n<div class=\"text_exposed_show\">\n<p>Sub 14<br \/>\nU. La Calera 0-6 U de Chile<\/p>\n<p>En las categor\u00edas escuela de la U obtuvieron solo triunfos frente a Cobreloa por la tercera fecha del Campeonato de Clausura 2017.<\/p>\n<p>Sub 8<br \/>\nU de Chile 8-3 Cobreloa<\/p>\n<div class=\"text_exposed_show\">\n<p>Sub 9<br \/>\nU de Chile 3-0 Cobreloa<\/p>\n<p>Sub 10<br \/>\nU de Chile 8-0 Cobreloa<\/p>\n<p>Fuente:\u00a0<a href=\"https:\/\/www.facebook.com\/futboljovenU\/\">FutbolJoven U. de Chile<\/a><\/p>\n<\/div>\n<\/div>\n","protected":false},"excerpt":{"rendered":"<p>Buenos resultados obtuvieron las categor\u00edas del f\u00fatbol formativo de nuestro cuadro m\u00e1gico. La U Sub 19 que dirige Luis Musrri derrot\u00f3 a Cobresal por 2 goles a 1. Las anotaciones Azules fueron obra de Mat\u00edas Parada y Gabriel Mazuela. Sub 17 Azul cay\u00f3 por 4-2 frente a Cobresal. Los goles Azules fueron obra de Alessandro [&#8230;]<\/p>\n","protected":false},"author":21395,"featured_media":12336,"comment_status":"closed","ping_status":"open","sticky":false,"template":"","format":"standard","meta":{"footnotes":""},"categories":[18],"tags":[454,409,1198,1177],"class_list":{"0":"post-12335","1":"post","2":"type-post","3":"status-publish","4":"format-standard","5":"has-post-thumbnail","7":"category-actualidad","8":"tag-actualidad","9":"tag-futbol-formativo","10":"tag-futbol-infantil-categorias-escuela","11":"tag-futbol-joven"},"_links":{"self":[{"href":"http:\/\/www.rincondelbulla.cl\/portal\/wp-json\/wp\/v2\/posts\/12335","targetHints":{"allow":["GET"]}}],"collection":[{"href":"http:\/\/www.rincondelbulla.cl\/portal\/wp-json\/wp\/v2\/posts"}],"about":[{"href":"http:\/\/www.rincondelbulla.cl\/portal\/wp-json\/wp\/v2\/types\/post"}],"author":[{"embeddable":true,"href":"http:\/\/www.rincondelbulla.cl\/portal\/wp-json\/wp\/v2\/users\/21395"}],"replies":[{"embeddable":true,"href":"http:\/\/www.rincondelbulla.cl\/portal\/wp-json\/wp\/v2\/comments?post=12335"}],"version-history":[{"count":1,"href":"http:\/\/www.rincondelbulla.cl\/portal\/wp-json\/wp\/v2\/posts\/12335\/revisions"}],"predecessor-version":[{"id":12337,"href":"http:\/\/www.rincondelbulla.cl\/portal\/wp-json\/wp\/v2\/posts\/12335\/revisions\/12337"}],"wp:featuredmedia":[{"embeddable":true,"href":"http:\/\/www.rincondelbulla.cl\/portal\/wp-json\/wp\/v2\/media\/12336"}],"wp:attachment":[{"href":"http:\/\/www.rincondelbulla.cl\/portal\/wp-json\/wp\/v2\/media?parent=12335"}],"wp:term":[{"taxonomy":"category","embeddable":true,"href":"http:\/\/www.rincondelbulla.cl\/portal\/wp-json\/wp\/v2\/categories?post=12335"},{"taxonomy":"post_tag","embeddable":true,"href":"http:\/\/www.rincondelbulla.cl\/portal\/wp-json\/wp\/v2\/tags?post=12335"}],"curies":[{"name":"wp","href":"https:\/\/api.w.org\/{rel}","templated":true}]}}