{"id":12338,"date":"2017-08-22T08:44:45","date_gmt":"2017-08-22T12:44:45","guid":{"rendered":"http:\/\/www.rincondelbulla.cl\/portal\/?p=12338"},"modified":"2017-08-22T16:53:03","modified_gmt":"2017-08-22T20:53:03","slug":"caroca-y-el-superclasico-lo-tomo-con-mucha-responsabilidad","status":"publish","type":"post","link":"http:\/\/www.rincondelbulla.cl\/portal\/2017\/08\/22\/caroca-y-el-superclasico-lo-tomo-con-mucha-responsabilidad\/","title":{"rendered":"Caroca y el Supercl\u00e1sico: \u00abLo tomo con mucha responsabilidad\u00bb"},"content":{"rendered":"<p><img loading=\"lazy\" decoding=\"async\" class=\"aligncenter size-full wp-image-11793\" src=\"http:\/\/www.rincondelbulla.cl\/portal\/wp-content\/uploads\/2017\/07\/Rafa-Caroca-Post-\u00d1ublense.jpg\" alt=\"\" width=\"1065\" height=\"700\" srcset=\"http:\/\/www.rincondelbulla.cl\/portal\/wp-content\/uploads\/2017\/07\/Rafa-Caroca-Post-\u00d1ublense.jpg 1065w, http:\/\/www.rincondelbulla.cl\/portal\/wp-content\/uploads\/2017\/07\/Rafa-Caroca-Post-\u00d1ublense-300x197.jpg 300w, http:\/\/www.rincondelbulla.cl\/portal\/wp-content\/uploads\/2017\/07\/Rafa-Caroca-Post-\u00d1ublense-768x505.jpg 768w, http:\/\/www.rincondelbulla.cl\/portal\/wp-content\/uploads\/2017\/07\/Rafa-Caroca-Post-\u00d1ublense-696x457.jpg 696w, http:\/\/www.rincondelbulla.cl\/portal\/wp-content\/uploads\/2017\/07\/Rafa-Caroca-Post-\u00d1ublense-741x486.jpg 741w, http:\/\/www.rincondelbulla.cl\/portal\/wp-content\/uploads\/2017\/07\/Rafa-Caroca-Post-\u00d1ublense-639x420.jpg 639w\" sizes=\"auto, (max-width: 1065px) 100vw, 1065px\" \/><\/p>\n<p><strong>Rafael Caroca, se refiri\u00f3 a lo que ser\u00e1 jugar esta vez con la camiseta azul el supercl\u00e1sico, programado para este domingo en el Estadio Monumental.\u00a0<\/strong><\/p>\n<p>Un duelo especial el jugador con pasado albo en Pedrero. Consultado por el duelo de la fecha, declar\u00f3 que \u00ablo tomo con mucha responsabilidad, con muchas ganas y con mucha actitud. Queremos seguir arriba, queremos pelear. Lo grande que tiene este equipo es la unidad\u00bb.<\/p>\n<p>Por otro lado, el jugador de 28 a\u00f1os destac\u00f3 el ambiente en el que se mueve en el CDA, valorando la calidad futbol\u00edstica y como persona de cada integrante del plantel que dirige \u00c1ngel Guillermo Hoyos.<\/p>\n<p>\u00abLa verdad es que la sencillez y la humildad que tiene este equipo y la instituci\u00f3n son claros al entrar a la cancha, y ver a toda este gente te pone la piel de gallina\u00bb, expres\u00f3 en di\u00e1logo con La Tercera.<\/p>\n<p>\u00abSinceramente creo que por la calidad de compa\u00f1eros que tengo, ellos me van a ense\u00f1ar a m\u00ed. Yo soy un aprendiz y estoy aprendiendo de ellos d\u00eda a d\u00eda en la \u2018U\u2019. Creo que hay que ganar, donde sea, en el Nacional o donde sea y creo que lo vamos a hacer\u00bb, agreg\u00f3.<\/p>\n<p>Por \u00faltimo, Caroca reconoci\u00f3 estar c\u00f3modo y feliz en el elenco colegial, dejando totalmente atr\u00e1s los problemas que tuvo previo en su arribo, con amenazas de los barristas azules.<\/p>\n<p>\u00abPrimero que todo, estoy muy feliz en esta instituci\u00f3n. Soy un agradecido de los compa\u00f1eros que tengo, del cuerpo t\u00e9cnico, de los dirigentes y de la misma gente que en todo momento me han dado una palmada en la espalda. Obviamente uno quiere dar lo mejor por ellos. La unidad en el grupo es lo mejor de este equipo\u00bb, sentenci\u00f3.<\/p>\n","protected":false},"excerpt":{"rendered":"<p>Rafael Caroca, se refiri\u00f3 a lo que ser\u00e1 jugar esta vez con la camiseta azul el supercl\u00e1sico, programado para este domingo en el Estadio Monumental.\u00a0 Un duelo especial el jugador con pasado albo en Pedrero. Consultado por el duelo de la fecha, declar\u00f3 que \u00ablo tomo con mucha responsabilidad, con muchas ganas y con mucha [&#8230;]<\/p>\n","protected":false},"author":21395,"featured_media":11793,"comment_status":"closed","ping_status":"open","sticky":false,"template":"","format":"standard","meta":{"footnotes":""},"categories":[18],"tags":[454,502,1116,900,44,1202,156],"class_list":{"0":"post-12338","1":"post","2":"type-post","3":"status-publish","4":"format-standard","5":"has-post-thumbnail","7":"category-actualidad","8":"tag-actualidad","9":"tag-colo-colo","10":"tag-cuadro-magico","11":"tag-rafael-caroca","12":"tag-superclasico","13":"tag-superclasicordb","14":"tag-universidad-de-chile"},"_links":{"self":[{"href":"http:\/\/www.rincondelbulla.cl\/portal\/wp-json\/wp\/v2\/posts\/12338","targetHints":{"allow":["GET"]}}],"collection":[{"href":"http:\/\/www.rincondelbulla.cl\/portal\/wp-json\/wp\/v2\/posts"}],"about":[{"href":"http:\/\/www.rincondelbulla.cl\/portal\/wp-json\/wp\/v2\/types\/post"}],"author":[{"embeddable":true,"href":"http:\/\/www.rincondelbulla.cl\/portal\/wp-json\/wp\/v2\/users\/21395"}],"replies":[{"embeddable":true,"href":"http:\/\/www.rincondelbulla.cl\/portal\/wp-json\/wp\/v2\/comments?post=12338"}],"version-history":[{"count":1,"href":"http:\/\/www.rincondelbulla.cl\/portal\/wp-json\/wp\/v2\/posts\/12338\/revisions"}],"predecessor-version":[{"id":12339,"href":"http:\/\/www.rincondelbulla.cl\/portal\/wp-json\/wp\/v2\/posts\/12338\/revisions\/12339"}],"wp:featuredmedia":[{"embeddable":true,"href":"http:\/\/www.rincondelbulla.cl\/portal\/wp-json\/wp\/v2\/media\/11793"}],"wp:attachment":[{"href":"http:\/\/www.rincondelbulla.cl\/portal\/wp-json\/wp\/v2\/media?parent=12338"}],"wp:term":[{"taxonomy":"category","embeddable":true,"href":"http:\/\/www.rincondelbulla.cl\/portal\/wp-json\/wp\/v2\/categories?post=12338"},{"taxonomy":"post_tag","embeddable":true,"href":"http:\/\/www.rincondelbulla.cl\/portal\/wp-json\/wp\/v2\/tags?post=12338"}],"curies":[{"name":"wp","href":"https:\/\/api.w.org\/{rel}","templated":true}]}}