{"id":12340,"date":"2017-08-22T10:13:18","date_gmt":"2017-08-22T14:13:18","guid":{"rendered":"http:\/\/www.rincondelbulla.cl\/portal\/?p=12340"},"modified":"2017-08-22T16:53:58","modified_gmt":"2017-08-22T20:53:58","slug":"fuerza-leandro","status":"publish","type":"post","link":"http:\/\/www.rincondelbulla.cl\/portal\/2017\/08\/22\/fuerza-leandro\/","title":{"rendered":"Fuerza Leandro"},"content":{"rendered":"<p><img loading=\"lazy\" decoding=\"async\" class=\"alignnone wp-image-12196 size-full\" src=\"http:\/\/www.rincondelbulla.cl\/portal\/wp-content\/uploads\/2017\/08\/Benegas_UdeChile_SanLuis_PS_2017.jpg\" alt=\"\" width=\"882\" height=\"620\" srcset=\"http:\/\/www.rincondelbulla.cl\/portal\/wp-content\/uploads\/2017\/08\/Benegas_UdeChile_SanLuis_PS_2017.jpg 882w, http:\/\/www.rincondelbulla.cl\/portal\/wp-content\/uploads\/2017\/08\/Benegas_UdeChile_SanLuis_PS_2017-300x211.jpg 300w, http:\/\/www.rincondelbulla.cl\/portal\/wp-content\/uploads\/2017\/08\/Benegas_UdeChile_SanLuis_PS_2017-768x540.jpg 768w, http:\/\/www.rincondelbulla.cl\/portal\/wp-content\/uploads\/2017\/08\/Benegas_UdeChile_SanLuis_PS_2017-100x70.jpg 100w, http:\/\/www.rincondelbulla.cl\/portal\/wp-content\/uploads\/2017\/08\/Benegas_UdeChile_SanLuis_PS_2017-696x489.jpg 696w, http:\/\/www.rincondelbulla.cl\/portal\/wp-content\/uploads\/2017\/08\/Benegas_UdeChile_SanLuis_PS_2017-597x420.jpg 597w\" sizes=\"auto, (max-width: 882px) 100vw, 882px\" \/><\/p>\n<p><strong>Malas noticias recibi\u00f3 el jugador y la Universidad de Chile han entregarse el parte m\u00e9dico de su lesi\u00f3n.<\/strong><!--more--><\/p>\n<p>En la semana m\u00e1s importante del campeonato, la \u00abU\u00bb recibi\u00f3 un golpe inesperado: Leonardo Benegas ser\u00e1 baja alrededor de seis meses.<\/p>\n<p>El parte entregado por el cuerpo m\u00e9dico del club, asegura que el delantero sufri\u00f3 una rotura de ligamento cruzado anterior en su rodilla izquierda.<\/p>\n<p>Con esto, Benegas se pierde el Supercl\u00e1sico del domingo, el resto del Torneo Transici\u00f3n 2017 y reci\u00e9n volver\u00eda a las canchas el pr\u00f3ximo semestre.<\/p>\n<p>Deseamos pronta recuperaci\u00f3n a nuestro jugador<\/p>\n","protected":false},"excerpt":{"rendered":"<p>Malas noticias recibi\u00f3 el jugador y la Universidad de Chile han entregarse el parte m\u00e9dico de su lesi\u00f3n.<\/p>\n","protected":false},"author":21382,"featured_media":11425,"comment_status":"closed","ping_status":"open","sticky":false,"template":"","format":"standard","meta":{"footnotes":""},"categories":[18],"tags":[454,319,630,157,44,1202,1092,294,156],"class_list":{"0":"post-12340","1":"post","2":"type-post","3":"status-publish","4":"format-standard","5":"has-post-thumbnail","7":"category-actualidad","8":"tag-actualidad","9":"tag-leandro-benegas","10":"tag-lesion","11":"tag-portada","12":"tag-superclasico","13":"tag-superclasicordb","14":"tag-torneo-transicion-2017","15":"tag-u-de-chile","16":"tag-universidad-de-chile"},"_links":{"self":[{"href":"http:\/\/www.rincondelbulla.cl\/portal\/wp-json\/wp\/v2\/posts\/12340","targetHints":{"allow":["GET"]}}],"collection":[{"href":"http:\/\/www.rincondelbulla.cl\/portal\/wp-json\/wp\/v2\/posts"}],"about":[{"href":"http:\/\/www.rincondelbulla.cl\/portal\/wp-json\/wp\/v2\/types\/post"}],"author":[{"embeddable":true,"href":"http:\/\/www.rincondelbulla.cl\/portal\/wp-json\/wp\/v2\/users\/21382"}],"replies":[{"embeddable":true,"href":"http:\/\/www.rincondelbulla.cl\/portal\/wp-json\/wp\/v2\/comments?post=12340"}],"version-history":[{"count":1,"href":"http:\/\/www.rincondelbulla.cl\/portal\/wp-json\/wp\/v2\/posts\/12340\/revisions"}],"predecessor-version":[{"id":12341,"href":"http:\/\/www.rincondelbulla.cl\/portal\/wp-json\/wp\/v2\/posts\/12340\/revisions\/12341"}],"wp:featuredmedia":[{"embeddable":true,"href":"http:\/\/www.rincondelbulla.cl\/portal\/wp-json\/wp\/v2\/media\/11425"}],"wp:attachment":[{"href":"http:\/\/www.rincondelbulla.cl\/portal\/wp-json\/wp\/v2\/media?parent=12340"}],"wp:term":[{"taxonomy":"category","embeddable":true,"href":"http:\/\/www.rincondelbulla.cl\/portal\/wp-json\/wp\/v2\/categories?post=12340"},{"taxonomy":"post_tag","embeddable":true,"href":"http:\/\/www.rincondelbulla.cl\/portal\/wp-json\/wp\/v2\/tags?post=12340"}],"curies":[{"name":"wp","href":"https:\/\/api.w.org\/{rel}","templated":true}]}}