{"id":12360,"date":"2017-08-23T09:38:15","date_gmt":"2017-08-23T13:38:15","guid":{"rendered":"http:\/\/www.rincondelbulla.cl\/portal\/?p=12360"},"modified":"2017-08-23T19:37:45","modified_gmt":"2017-08-23T23:37:45","slug":"herrera-y-el-superclasico-en-el-monumental-es-una-maldicion","status":"publish","type":"post","link":"http:\/\/www.rincondelbulla.cl\/portal\/2017\/08\/23\/herrera-y-el-superclasico-en-el-monumental-es-una-maldicion\/","title":{"rendered":"Herrera y la visita al Monumental: \u00abEs una maldici\u00f3n\u00bb"},"content":{"rendered":"<p><img loading=\"lazy\" decoding=\"async\" class=\"aligncenter size-full wp-image-12361\" src=\"http:\/\/www.rincondelbulla.cl\/portal\/wp-content\/uploads\/2017\/08\/Herrera-Supercl\u00e1sico.jpg\" alt=\"\" width=\"1200\" height=\"675\" srcset=\"http:\/\/www.rincondelbulla.cl\/portal\/wp-content\/uploads\/2017\/08\/Herrera-Supercl\u00e1sico.jpg 1200w, http:\/\/www.rincondelbulla.cl\/portal\/wp-content\/uploads\/2017\/08\/Herrera-Supercl\u00e1sico-300x169.jpg 300w, http:\/\/www.rincondelbulla.cl\/portal\/wp-content\/uploads\/2017\/08\/Herrera-Supercl\u00e1sico-768x432.jpg 768w, http:\/\/www.rincondelbulla.cl\/portal\/wp-content\/uploads\/2017\/08\/Herrera-Supercl\u00e1sico-696x392.jpg 696w, http:\/\/www.rincondelbulla.cl\/portal\/wp-content\/uploads\/2017\/08\/Herrera-Supercl\u00e1sico-1068x601.jpg 1068w, http:\/\/www.rincondelbulla.cl\/portal\/wp-content\/uploads\/2017\/08\/Herrera-Supercl\u00e1sico-747x420.jpg 747w\" sizes=\"auto, (max-width: 1200px) 100vw, 1200px\" \/><\/p>\n<p><strong>Johnny Herrera, se refiri\u00f3 a la racha de 16 a\u00f1os que tiene el cuadro m\u00e1gico sin derrotar a Colo Colo en el Estadio Monumental.<\/strong><!--more--><\/p>\n<p>La \u00faltima vez que la U celebr\u00f3 en Pedrero fue el 9 de septiembre de 2001. Con C\u00e9sar Vaccia en el banco de la \u2018U\u2019, los azules se impusieron por 3-2 con goles de Diego Rivarola, Arilson y Carlos Garrido.<\/p>\n<p>Consultado por esta racha negativa en el Monumental, Herrera declar\u00f3 en di\u00e1logo con Las \u00daltimas Noticias que \u00abpara m\u00ed es una maldici\u00f3n. Si me preguntas, no le encuentro una explicaci\u00f3n coherente. No me voy a poner a hablar ni a quejar de los penales a favor que no nos han cobrado, las expulsiones&#8230;\u00bb.<\/p>\n<p>Ahora, Herrera ve a la \u2018U\u2019 con grandes posibilidades de traerse el triunfo este domingo, en el pleito m\u00e1s atractivo de la quinta fecha del Torneo de Transici\u00f3n. \u00abPorque veo un plantel m\u00e1s competitivo, que solo he visto en la selecci\u00f3n. Hay jugadores m\u00e1s identificados con el club y eso nos ilusiona\u00bb, se\u00f1al\u00f3.<\/p>\n<p>En cuanto al supercl\u00e1sico que m\u00e1s disfrut\u00f3 y el que m\u00e1s dolor le caus\u00f3 en su carrera, el nacido en Angol indic\u00f3 que \u201cese del 2001 fue especial porque lo hicimos con muchos chicos de casa. Y el que m\u00e1s me doli\u00f3 fue el \u00faltimo, porque por mi culpa nos empataron. La \u2018U\u2019 tiene que ganar porque queremos ser bicampeones\u00bb.<\/p>\n<p><strong>Otro que tambi\u00e9n record\u00f3 un Supercl\u00e1sico en Pedrero fue Diego Rivarola, que puedes revisar en este v\u00eddeo.<\/strong><\/p>\n<p><iframe loading=\"lazy\" src=\"https:\/\/rudo.video\/vod\/czaT1bjiSrb\" width=\"600\" height=\"338\" allowfullscreen=\"allowfullscreen\"><\/iframe><\/p>\n","protected":false},"excerpt":{"rendered":"<p>Johnny Herrera, se refiri\u00f3 a la racha de 16 a\u00f1os que tiene el cuadro m\u00e1gico sin derrotar a Colo Colo en el Estadio Monumental.<\/p>\n","protected":false},"author":21395,"featured_media":12361,"comment_status":"closed","ping_status":"open","sticky":false,"template":"","format":"standard","meta":{"footnotes":""},"categories":[18],"tags":[454,1116,41,44,1202,156],"class_list":{"0":"post-12360","1":"post","2":"type-post","3":"status-publish","4":"format-standard","5":"has-post-thumbnail","7":"category-actualidad","8":"tag-actualidad","9":"tag-cuadro-magico","10":"tag-johnny-herrera","11":"tag-superclasico","12":"tag-superclasicordb","13":"tag-universidad-de-chile"},"_links":{"self":[{"href":"http:\/\/www.rincondelbulla.cl\/portal\/wp-json\/wp\/v2\/posts\/12360","targetHints":{"allow":["GET"]}}],"collection":[{"href":"http:\/\/www.rincondelbulla.cl\/portal\/wp-json\/wp\/v2\/posts"}],"about":[{"href":"http:\/\/www.rincondelbulla.cl\/portal\/wp-json\/wp\/v2\/types\/post"}],"author":[{"embeddable":true,"href":"http:\/\/www.rincondelbulla.cl\/portal\/wp-json\/wp\/v2\/users\/21395"}],"replies":[{"embeddable":true,"href":"http:\/\/www.rincondelbulla.cl\/portal\/wp-json\/wp\/v2\/comments?post=12360"}],"version-history":[{"count":3,"href":"http:\/\/www.rincondelbulla.cl\/portal\/wp-json\/wp\/v2\/posts\/12360\/revisions"}],"predecessor-version":[{"id":12375,"href":"http:\/\/www.rincondelbulla.cl\/portal\/wp-json\/wp\/v2\/posts\/12360\/revisions\/12375"}],"wp:featuredmedia":[{"embeddable":true,"href":"http:\/\/www.rincondelbulla.cl\/portal\/wp-json\/wp\/v2\/media\/12361"}],"wp:attachment":[{"href":"http:\/\/www.rincondelbulla.cl\/portal\/wp-json\/wp\/v2\/media?parent=12360"}],"wp:term":[{"taxonomy":"category","embeddable":true,"href":"http:\/\/www.rincondelbulla.cl\/portal\/wp-json\/wp\/v2\/categories?post=12360"},{"taxonomy":"post_tag","embeddable":true,"href":"http:\/\/www.rincondelbulla.cl\/portal\/wp-json\/wp\/v2\/tags?post=12360"}],"curies":[{"name":"wp","href":"https:\/\/api.w.org\/{rel}","templated":true}]}}