{"id":12496,"date":"2017-09-04T13:45:32","date_gmt":"2017-09-04T16:45:32","guid":{"rendered":"http:\/\/www.rincondelbulla.cl\/portal\/?p=12496"},"modified":"2017-09-04T13:45:32","modified_gmt":"2017-09-04T16:45:32","slug":"pizarro-y-el-presente-de-la-roja-se-complicaron-los-muchachos","status":"publish","type":"post","link":"http:\/\/www.rincondelbulla.cl\/portal\/2017\/09\/04\/pizarro-y-el-presente-de-la-roja-se-complicaron-los-muchachos\/","title":{"rendered":"Pizarro y el presente de La Roja: \u00abSe complicaron los muchachos\u00bb"},"content":{"rendered":"<p><img loading=\"lazy\" decoding=\"async\" class=\"aligncenter size-full wp-image-12497\" src=\"http:\/\/www.rincondelbulla.cl\/portal\/wp-content\/uploads\/2017\/09\/Pizarro-post-Audax-vuelta.jpg\" alt=\"\" width=\"1196\" height=\"700\" srcset=\"http:\/\/www.rincondelbulla.cl\/portal\/wp-content\/uploads\/2017\/09\/Pizarro-post-Audax-vuelta.jpg 1196w, http:\/\/www.rincondelbulla.cl\/portal\/wp-content\/uploads\/2017\/09\/Pizarro-post-Audax-vuelta-300x176.jpg 300w, http:\/\/www.rincondelbulla.cl\/portal\/wp-content\/uploads\/2017\/09\/Pizarro-post-Audax-vuelta-768x449.jpg 768w, http:\/\/www.rincondelbulla.cl\/portal\/wp-content\/uploads\/2017\/09\/Pizarro-post-Audax-vuelta-696x407.jpg 696w, http:\/\/www.rincondelbulla.cl\/portal\/wp-content\/uploads\/2017\/09\/Pizarro-post-Audax-vuelta-1068x625.jpg 1068w, http:\/\/www.rincondelbulla.cl\/portal\/wp-content\/uploads\/2017\/09\/Pizarro-post-Audax-vuelta-718x420.jpg 718w\" sizes=\"auto, (max-width: 1196px) 100vw, 1196px\" \/><\/p>\n<p><strong>David Pizarro se refiri\u00f3 a la fecha doble de la \u2018Roja\u2019 ante Paraguay y Bolivia, afirmando que es \u201cde suma urgencia\u201d rescatar un buen resultado este martes en el Estadio \u2018Hernando Siles\u2019 de la Paz.\u00a0<\/strong><\/p>\n<p>El \u2018Fantasista\u2019 analiz\u00f3 de entrada lo que ocurri\u00f3 el pasado jueves en el Estadio Monumental, donde el combinado de Juan Antonio Pizzi cay\u00f3 en una baj\u00edsima presentaci\u00f3n por 0-3 ante Paraguay.<\/p>\n<p>\u00abSe complicaron los muchachos. Habr\u00eda sido importante ganar en casa, por c\u00f3mo se dieron los otros resultados. En el duelo ante los paraguayos vi aspectos similares en el juego a lo que nos pas\u00f3 a nosotros en el Supercl\u00e1sico\u00bb, expres\u00f3 el volante azul y ex jugador de La Roja.<\/p>\n<p>Ahora, Chile est\u00e1 en la obligaci\u00f3n de sumar un buen resultado el martes en la altura de La Paz si no desea salir de la zona de clasificaci\u00f3n, en una tabla que est\u00e1 muy apretada del segundo al octavo lugar a s\u00f3lo tres fechas del final.<\/p>\n<p>\u00abLa selecci\u00f3n nacional no acostumbra a jugar ese tipo de partidos, pero lo importante es que una vez finalizado el encuentro, los jugadores fueron autocr\u00edticos. Ahora es de suma urgencia rescatar puntos en Bolivia, lo que no ser\u00e1 f\u00e1cil\u00bb, sentenci\u00f3 el campe\u00f3n de Am\u00e9rica con la \u2018Roja\u2019 en 2015.<\/p>\n<p>Tambi\u00e9n post partido habl\u00f3 algo de la clasificaci\u00f3n ante Audax por Copa Chile, lo cual te invitamos a ver en el siguiente v\u00eddeo.<\/p>\n<p><iframe loading=\"lazy\" src=\"https:\/\/www.youtube.com\/embed\/nuOSxkhR1x4\" width=\"560\" height=\"315\" frameborder=\"0\" allowfullscreen=\"allowfullscreen\"><\/iframe><\/p>\n","protected":false},"excerpt":{"rendered":"<p>David Pizarro se refiri\u00f3 a la fecha doble de la \u2018Roja\u2019 ante Paraguay y Bolivia, afirmando que es \u201cde suma urgencia\u201d rescatar un buen resultado este martes en el Estadio \u2018Hernando Siles\u2019 de la Paz.\u00a0 El \u2018Fantasista\u2019 analiz\u00f3 de entrada lo que ocurri\u00f3 el pasado jueves en el Estadio Monumental, donde el combinado de Juan [&#8230;]<\/p>\n","protected":false},"author":21395,"featured_media":12497,"comment_status":"closed","ping_status":"open","sticky":false,"template":"","format":"standard","meta":{"footnotes":""},"categories":[18],"tags":[454,154,1116,111,230,53,156],"class_list":{"0":"post-12496","1":"post","2":"type-post","3":"status-publish","4":"format-standard","5":"has-post-thumbnail","7":"category-actualidad","8":"tag-actualidad","9":"tag-copa-chile","10":"tag-cuadro-magico","11":"tag-david-pizarro","12":"tag-la-roja","13":"tag-seleccion-chilena","14":"tag-universidad-de-chile"},"_links":{"self":[{"href":"http:\/\/www.rincondelbulla.cl\/portal\/wp-json\/wp\/v2\/posts\/12496","targetHints":{"allow":["GET"]}}],"collection":[{"href":"http:\/\/www.rincondelbulla.cl\/portal\/wp-json\/wp\/v2\/posts"}],"about":[{"href":"http:\/\/www.rincondelbulla.cl\/portal\/wp-json\/wp\/v2\/types\/post"}],"author":[{"embeddable":true,"href":"http:\/\/www.rincondelbulla.cl\/portal\/wp-json\/wp\/v2\/users\/21395"}],"replies":[{"embeddable":true,"href":"http:\/\/www.rincondelbulla.cl\/portal\/wp-json\/wp\/v2\/comments?post=12496"}],"version-history":[{"count":1,"href":"http:\/\/www.rincondelbulla.cl\/portal\/wp-json\/wp\/v2\/posts\/12496\/revisions"}],"predecessor-version":[{"id":12498,"href":"http:\/\/www.rincondelbulla.cl\/portal\/wp-json\/wp\/v2\/posts\/12496\/revisions\/12498"}],"wp:featuredmedia":[{"embeddable":true,"href":"http:\/\/www.rincondelbulla.cl\/portal\/wp-json\/wp\/v2\/media\/12497"}],"wp:attachment":[{"href":"http:\/\/www.rincondelbulla.cl\/portal\/wp-json\/wp\/v2\/media?parent=12496"}],"wp:term":[{"taxonomy":"category","embeddable":true,"href":"http:\/\/www.rincondelbulla.cl\/portal\/wp-json\/wp\/v2\/categories?post=12496"},{"taxonomy":"post_tag","embeddable":true,"href":"http:\/\/www.rincondelbulla.cl\/portal\/wp-json\/wp\/v2\/tags?post=12496"}],"curies":[{"name":"wp","href":"https:\/\/api.w.org\/{rel}","templated":true}]}}