{"id":12504,"date":"2017-09-07T11:33:59","date_gmt":"2017-09-07T14:33:59","guid":{"rendered":"http:\/\/www.rincondelbulla.cl\/portal\/?p=12504"},"modified":"2017-09-07T11:33:59","modified_gmt":"2017-09-07T14:33:59","slug":"leandro-benegas-fue-operado-con-exito","status":"publish","type":"post","link":"http:\/\/www.rincondelbulla.cl\/portal\/2017\/09\/07\/leandro-benegas-fue-operado-con-exito\/","title":{"rendered":"Leandro Benegas fue operado con \u00e9xito"},"content":{"rendered":"<figure id=\"attachment_12357\" aria-describedby=\"caption-attachment-12357\" style=\"width: 1280px\" class=\"wp-caption alignnone\"><img loading=\"lazy\" decoding=\"async\" class=\"size-full wp-image-12357\" src=\"http:\/\/www.rincondelbulla.cl\/portal\/wp-content\/uploads\/2017\/08\/Leandro-Lesionado.jpg\" alt=\"\" width=\"1280\" height=\"752\" srcset=\"http:\/\/www.rincondelbulla.cl\/portal\/wp-content\/uploads\/2017\/08\/Leandro-Lesionado.jpg 1280w, http:\/\/www.rincondelbulla.cl\/portal\/wp-content\/uploads\/2017\/08\/Leandro-Lesionado-300x176.jpg 300w, http:\/\/www.rincondelbulla.cl\/portal\/wp-content\/uploads\/2017\/08\/Leandro-Lesionado-768x451.jpg 768w, http:\/\/www.rincondelbulla.cl\/portal\/wp-content\/uploads\/2017\/08\/Leandro-Lesionado-1200x705.jpg 1200w, http:\/\/www.rincondelbulla.cl\/portal\/wp-content\/uploads\/2017\/08\/Leandro-Lesionado-696x409.jpg 696w, http:\/\/www.rincondelbulla.cl\/portal\/wp-content\/uploads\/2017\/08\/Leandro-Lesionado-1068x627.jpg 1068w, http:\/\/www.rincondelbulla.cl\/portal\/wp-content\/uploads\/2017\/08\/Leandro-Lesionado-715x420.jpg 715w\" sizes=\"auto, (max-width: 1280px) 100vw, 1280px\" \/><figcaption id=\"caption-attachment-12357\" class=\"wp-caption-text\">El delantero sufri\u00f3 la lesi\u00f3n en el partido ante Huachipato, correspondiente a la cuarta fecha del Torneo Transici\u00f3n 2017.<\/figcaption><\/figure>\n<p><strong>Este jueves recibir\u00eda el alta de la intervenci\u00f3n y la pr\u00f3xima semana comenzar\u00eda su rehabilitaci\u00f3n.<\/strong><!--more--><\/p>\n<p>La operaci\u00f3n se realiz\u00f3 este mi\u00e9rcoles a ra\u00edz de la rotura de ligamento cruzado de la pierna izquierda que sufri\u00f3 cuando los azules drrotaron a Huachipato en el Estadio Nacional, oblig\u00e1ndolo a abandonar la cancha durante el primer tiempo.<\/p>\n<p>Seg\u00fan inform\u00f3 el doctor Fernando Radice, jefe del cuerpo m\u00e9dico azul, el delantero ser\u00eda dado de alta este jueves <strong>\u201cpara la pr\u00f3xima semana retornar a la rehabilitaci\u00f3n en el CDA\u201d<\/strong>.<\/p>\n<p>El trasandino se perder\u00e1 el resto del Torneo Transici\u00f3n 2017, ya que se recuperaci\u00f3n tardar\u00eda cinco meses.<\/p>\n","protected":false},"excerpt":{"rendered":"<p>Este jueves recibir\u00eda el alta de la intervenci\u00f3n y la pr\u00f3xima semana comenzar\u00eda su rehabilitaci\u00f3n.<\/p>\n","protected":false},"author":21382,"featured_media":12196,"comment_status":"closed","ping_status":"open","sticky":false,"template":"","format":"standard","meta":{"footnotes":""},"categories":[18],"tags":[454,1121,319,157,1092,294,156],"class_list":{"0":"post-12504","1":"post","2":"type-post","3":"status-publish","4":"format-standard","5":"has-post-thumbnail","7":"category-actualidad","8":"tag-actualidad","9":"tag-fernando-radice","10":"tag-leandro-benegas","11":"tag-portada","12":"tag-torneo-transicion-2017","13":"tag-u-de-chile","14":"tag-universidad-de-chile"},"_links":{"self":[{"href":"http:\/\/www.rincondelbulla.cl\/portal\/wp-json\/wp\/v2\/posts\/12504","targetHints":{"allow":["GET"]}}],"collection":[{"href":"http:\/\/www.rincondelbulla.cl\/portal\/wp-json\/wp\/v2\/posts"}],"about":[{"href":"http:\/\/www.rincondelbulla.cl\/portal\/wp-json\/wp\/v2\/types\/post"}],"author":[{"embeddable":true,"href":"http:\/\/www.rincondelbulla.cl\/portal\/wp-json\/wp\/v2\/users\/21382"}],"replies":[{"embeddable":true,"href":"http:\/\/www.rincondelbulla.cl\/portal\/wp-json\/wp\/v2\/comments?post=12504"}],"version-history":[{"count":1,"href":"http:\/\/www.rincondelbulla.cl\/portal\/wp-json\/wp\/v2\/posts\/12504\/revisions"}],"predecessor-version":[{"id":12505,"href":"http:\/\/www.rincondelbulla.cl\/portal\/wp-json\/wp\/v2\/posts\/12504\/revisions\/12505"}],"wp:featuredmedia":[{"embeddable":true,"href":"http:\/\/www.rincondelbulla.cl\/portal\/wp-json\/wp\/v2\/media\/12196"}],"wp:attachment":[{"href":"http:\/\/www.rincondelbulla.cl\/portal\/wp-json\/wp\/v2\/media?parent=12504"}],"wp:term":[{"taxonomy":"category","embeddable":true,"href":"http:\/\/www.rincondelbulla.cl\/portal\/wp-json\/wp\/v2\/categories?post=12504"},{"taxonomy":"post_tag","embeddable":true,"href":"http:\/\/www.rincondelbulla.cl\/portal\/wp-json\/wp\/v2\/tags?post=12504"}],"curies":[{"name":"wp","href":"https:\/\/api.w.org\/{rel}","templated":true}]}}