{"id":12506,"date":"2017-09-07T12:07:39","date_gmt":"2017-09-07T15:07:39","guid":{"rendered":"http:\/\/www.rincondelbulla.cl\/portal\/?p=12506"},"modified":"2017-09-07T12:07:39","modified_gmt":"2017-09-07T15:07:39","slug":"era-de-esperar-anfp-desestimo-denuncia-contra-colo-colo-en-superclasico","status":"publish","type":"post","link":"http:\/\/www.rincondelbulla.cl\/portal\/2017\/09\/07\/era-de-esperar-anfp-desestimo-denuncia-contra-colo-colo-en-superclasico\/","title":{"rendered":"Era de esperar: ANFP desestim\u00f3 denuncia contra Colo Colo en Supercl\u00e1sico"},"content":{"rendered":"<figure id=\"attachment_12507\" aria-describedby=\"caption-attachment-12507\" style=\"width: 2048px\" class=\"wp-caption alignnone\"><img loading=\"lazy\" decoding=\"async\" class=\"size-full wp-image-12507\" src=\"http:\/\/www.rincondelbulla.cl\/portal\/wp-content\/uploads\/2017\/09\/1.jpg\" alt=\"\" width=\"2048\" height=\"1365\" srcset=\"http:\/\/www.rincondelbulla.cl\/portal\/wp-content\/uploads\/2017\/09\/1.jpg 2048w, http:\/\/www.rincondelbulla.cl\/portal\/wp-content\/uploads\/2017\/09\/1-300x200.jpg 300w, http:\/\/www.rincondelbulla.cl\/portal\/wp-content\/uploads\/2017\/09\/1-768x512.jpg 768w, http:\/\/www.rincondelbulla.cl\/portal\/wp-content\/uploads\/2017\/09\/1-1200x800.jpg 1200w, http:\/\/www.rincondelbulla.cl\/portal\/wp-content\/uploads\/2017\/09\/1-696x464.jpg 696w, http:\/\/www.rincondelbulla.cl\/portal\/wp-content\/uploads\/2017\/09\/1-1068x712.jpg 1068w, http:\/\/www.rincondelbulla.cl\/portal\/wp-content\/uploads\/2017\/09\/1-630x420.jpg 630w\" sizes=\"auto, (max-width: 2048px) 100vw, 2048px\" \/><figcaption id=\"caption-attachment-12507\" class=\"wp-caption-text\">Foto: Ren\u00e9 Francisco S\u00e1ez Vicu\u00f1a \/ @rene.saez.photo<\/figcaption><\/figure>\n<p><strong>Un proyectil golpe\u00f3 a Johnny Herrera antes de iniciarse el encuentro. Pese a que el hecho fue denunciado, el tribunal lo dej\u00f3 sin efecto.<\/strong><!--more--><\/p>\n<p>Pese a que el \u00e1rbitro Roberto tobar lo consign\u00f3 en su informe y que la ANFP cit\u00f3 a los albos, el Tribunal de Disciplina decidi\u00f3 no dar curso al reclamo y dejar en nada la ca\u00edda de un proyectil contra el portero azul en el \u00faltimo supercl\u00e1sico disputado en Macul.<\/p>\n<p>Seg\u00fan se consigna, el equipo de seguridad de Colo Colo present\u00f3 los antecedentes en el tribunal, por lo que desde Quil\u00edn indicaron que \u201c<strong>el club no puede hacer nada si se cumple con la seguridad y alguien lanza un objeto<\/strong>\u201c, seg\u00fan asegur\u00f3 AS Chile.<\/p>\n","protected":false},"excerpt":{"rendered":"<p>Un proyectil golpe\u00f3 a Johnny Herrera antes de iniciarse el encuentro. Pese a que el hecho fue denunciado, el tribunal lo dej\u00f3 sin efecto.<\/p>\n","protected":false},"author":21382,"featured_media":12508,"comment_status":"closed","ping_status":"open","sticky":false,"template":"","format":"standard","meta":{"footnotes":""},"categories":[18],"tags":[454,385,41,157,44,386,294,156],"class_list":{"0":"post-12506","1":"post","2":"type-post","3":"status-publish","4":"format-standard","5":"has-post-thumbnail","7":"category-actualidad","8":"tag-actualidad","9":"tag-anfp","10":"tag-johnny-herrera","11":"tag-portada","12":"tag-superclasico","13":"tag-tribunal","14":"tag-u-de-chile","15":"tag-universidad-de-chile"},"_links":{"self":[{"href":"http:\/\/www.rincondelbulla.cl\/portal\/wp-json\/wp\/v2\/posts\/12506","targetHints":{"allow":["GET"]}}],"collection":[{"href":"http:\/\/www.rincondelbulla.cl\/portal\/wp-json\/wp\/v2\/posts"}],"about":[{"href":"http:\/\/www.rincondelbulla.cl\/portal\/wp-json\/wp\/v2\/types\/post"}],"author":[{"embeddable":true,"href":"http:\/\/www.rincondelbulla.cl\/portal\/wp-json\/wp\/v2\/users\/21382"}],"replies":[{"embeddable":true,"href":"http:\/\/www.rincondelbulla.cl\/portal\/wp-json\/wp\/v2\/comments?post=12506"}],"version-history":[{"count":1,"href":"http:\/\/www.rincondelbulla.cl\/portal\/wp-json\/wp\/v2\/posts\/12506\/revisions"}],"predecessor-version":[{"id":12509,"href":"http:\/\/www.rincondelbulla.cl\/portal\/wp-json\/wp\/v2\/posts\/12506\/revisions\/12509"}],"wp:featuredmedia":[{"embeddable":true,"href":"http:\/\/www.rincondelbulla.cl\/portal\/wp-json\/wp\/v2\/media\/12508"}],"wp:attachment":[{"href":"http:\/\/www.rincondelbulla.cl\/portal\/wp-json\/wp\/v2\/media?parent=12506"}],"wp:term":[{"taxonomy":"category","embeddable":true,"href":"http:\/\/www.rincondelbulla.cl\/portal\/wp-json\/wp\/v2\/categories?post=12506"},{"taxonomy":"post_tag","embeddable":true,"href":"http:\/\/www.rincondelbulla.cl\/portal\/wp-json\/wp\/v2\/tags?post=12506"}],"curies":[{"name":"wp","href":"https:\/\/api.w.org\/{rel}","templated":true}]}}