{"id":12549,"date":"2017-09-10T17:02:44","date_gmt":"2017-09-10T20:02:44","guid":{"rendered":"http:\/\/www.rincondelbulla.cl\/portal\/?p=12549"},"modified":"2017-09-10T17:02:44","modified_gmt":"2017-09-10T20:02:44","slug":"pinilla-seguimos-siendo-favoritos","status":"publish","type":"post","link":"http:\/\/www.rincondelbulla.cl\/portal\/2017\/09\/10\/pinilla-seguimos-siendo-favoritos\/","title":{"rendered":"Pinilla: \u00abSeguimos siendo favoritos\u00bb"},"content":{"rendered":"<figure id=\"attachment_12053\" aria-describedby=\"caption-attachment-12053\" style=\"width: 1000px\" class=\"wp-caption aligncenter\"><img loading=\"lazy\" decoding=\"async\" class=\"size-full wp-image-12053\" src=\"http:\/\/www.rincondelbulla.cl\/portal\/wp-content\/uploads\/2017\/08\/Mauricio-Pinilla-post-Temuco.jpeg\" alt=\"\" width=\"1000\" height=\"667\" srcset=\"http:\/\/www.rincondelbulla.cl\/portal\/wp-content\/uploads\/2017\/08\/Mauricio-Pinilla-post-Temuco.jpeg 1000w, http:\/\/www.rincondelbulla.cl\/portal\/wp-content\/uploads\/2017\/08\/Mauricio-Pinilla-post-Temuco-300x200.jpeg 300w, http:\/\/www.rincondelbulla.cl\/portal\/wp-content\/uploads\/2017\/08\/Mauricio-Pinilla-post-Temuco-768x512.jpeg 768w, http:\/\/www.rincondelbulla.cl\/portal\/wp-content\/uploads\/2017\/08\/Mauricio-Pinilla-post-Temuco-696x464.jpeg 696w, http:\/\/www.rincondelbulla.cl\/portal\/wp-content\/uploads\/2017\/08\/Mauricio-Pinilla-post-Temuco-630x420.jpeg 630w\" sizes=\"auto, (max-width: 1000px) 100vw, 1000px\" \/><figcaption id=\"caption-attachment-12053\" class=\"wp-caption-text\">Fotograf\u00eda: Claudio C\u00e1ceres<\/figcaption><\/figure>\n<p><strong>Mauricio Pinilla, el que salv\u00f3 a la U de la humillaci\u00f3n, apunt\u00f3 que el cuadro m\u00e1gico sigue siendo uno de los firmes candidatos al t\u00edtulo del Torneo de Transici\u00f3n.<\/strong><\/p>\n<p>Consultado por las opciones de la U de ir por el bicampeonato, el autor de los dos tantos, declar\u00f3 que \u00abva a ser complicado, pero seguimos siendo favoritos y vamos a seguir luchando. La Uni\u00f3n se arranc\u00f3, pero tenemos el partido con ellos y hay que descontar\u00bb.<\/p>\n<p>En cuanto al desempe\u00f1o de la \u2018U\u2019 ante los pupilos de Gabriel Milito, donde fueron de menos a m\u00e1s -ca\u00eda el local por 2-0 a los 11 minutos-, indic\u00f3 que \u00abhicimos un gran partido, dominamos durante 70 minutos, pero seguimos fallando en los detalles. Es dif\u00edcil retomar cuando tienes dos goles en contra. Tenemos que ser m\u00e1s reactivos desde el primer minuto. Estuvimos un poco flojos y quedamos 2-0 abajo\u00bb.<\/p>\n<p>Frente a la remontada conseguida en \u00d1u\u00f1oa, con tantos a los 77 y 89 minutos, Pinilla se\u00f1al\u00f3 que \u00abfue una reacci\u00f3n de car\u00e1cter. Lo hablamos en el camar\u00edn de que hab\u00eda que darlo vuelta. Al menos lo empatamos\u00bb.<\/p>\n<p>Por la s\u00e9ptima fecha del campeonato, la \u2018U\u2019 recibir\u00e1 el s\u00e1bado 23 de septiembre a Everton, cuadro que est\u00e1n en la disputa de los primeros lugares y este jueves por cuartos de final de Copa Chile, se enfrenta a San Luis en Quillota.<\/p>\n","protected":false},"excerpt":{"rendered":"<p>Mauricio Pinilla, el que salv\u00f3 a la U de la humillaci\u00f3n, apunt\u00f3 que el cuadro m\u00e1gico sigue siendo uno de los firmes candidatos al t\u00edtulo del Torneo de Transici\u00f3n. Consultado por las opciones de la U de ir por el bicampeonato, el autor de los dos tantos, declar\u00f3 que \u00abva a ser complicado, pero seguimos [&#8230;]<\/p>\n","protected":false},"author":21395,"featured_media":12550,"comment_status":"closed","ping_status":"open","sticky":false,"template":"","format":"standard","meta":{"footnotes":""},"categories":[18],"tags":[454,1211,631],"class_list":{"0":"post-12549","1":"post","2":"type-post","3":"status-publish","4":"format-standard","5":"has-post-thumbnail","7":"category-actualidad","8":"tag-actualidad","9":"tag-cuadro-magico-universidad-de-chile","10":"tag-mauricio-pinilla"},"_links":{"self":[{"href":"http:\/\/www.rincondelbulla.cl\/portal\/wp-json\/wp\/v2\/posts\/12549","targetHints":{"allow":["GET"]}}],"collection":[{"href":"http:\/\/www.rincondelbulla.cl\/portal\/wp-json\/wp\/v2\/posts"}],"about":[{"href":"http:\/\/www.rincondelbulla.cl\/portal\/wp-json\/wp\/v2\/types\/post"}],"author":[{"embeddable":true,"href":"http:\/\/www.rincondelbulla.cl\/portal\/wp-json\/wp\/v2\/users\/21395"}],"replies":[{"embeddable":true,"href":"http:\/\/www.rincondelbulla.cl\/portal\/wp-json\/wp\/v2\/comments?post=12549"}],"version-history":[{"count":1,"href":"http:\/\/www.rincondelbulla.cl\/portal\/wp-json\/wp\/v2\/posts\/12549\/revisions"}],"predecessor-version":[{"id":12551,"href":"http:\/\/www.rincondelbulla.cl\/portal\/wp-json\/wp\/v2\/posts\/12549\/revisions\/12551"}],"wp:featuredmedia":[{"embeddable":true,"href":"http:\/\/www.rincondelbulla.cl\/portal\/wp-json\/wp\/v2\/media\/12550"}],"wp:attachment":[{"href":"http:\/\/www.rincondelbulla.cl\/portal\/wp-json\/wp\/v2\/media?parent=12549"}],"wp:term":[{"taxonomy":"category","embeddable":true,"href":"http:\/\/www.rincondelbulla.cl\/portal\/wp-json\/wp\/v2\/categories?post=12549"},{"taxonomy":"post_tag","embeddable":true,"href":"http:\/\/www.rincondelbulla.cl\/portal\/wp-json\/wp\/v2\/tags?post=12549"}],"curies":[{"name":"wp","href":"https:\/\/api.w.org\/{rel}","templated":true}]}}