{"id":12552,"date":"2017-09-10T17:33:45","date_gmt":"2017-09-10T20:33:45","guid":{"rendered":"http:\/\/www.rincondelbulla.cl\/portal\/?p=12552"},"modified":"2017-09-16T15:27:31","modified_gmt":"2017-09-16T18:27:31","slug":"dias-de-memoria","status":"publish","type":"post","link":"http:\/\/www.rincondelbulla.cl\/portal\/2017\/09\/10\/dias-de-memoria\/","title":{"rendered":"D\u00edas de memoria"},"content":{"rendered":"<p><img loading=\"lazy\" decoding=\"async\" class=\"aligncenter size-full wp-image-12556\" src=\"http:\/\/www.rincondelbulla.cl\/portal\/wp-content\/uploads\/2017\/09\/memorialestadio-730x350.jpg\" alt=\"\" width=\"1460\" height=\"700\" srcset=\"http:\/\/www.rincondelbulla.cl\/portal\/wp-content\/uploads\/2017\/09\/memorialestadio-730x350.jpg 1460w, http:\/\/www.rincondelbulla.cl\/portal\/wp-content\/uploads\/2017\/09\/memorialestadio-730x350-300x144.jpg 300w, http:\/\/www.rincondelbulla.cl\/portal\/wp-content\/uploads\/2017\/09\/memorialestadio-730x350-768x368.jpg 768w, http:\/\/www.rincondelbulla.cl\/portal\/wp-content\/uploads\/2017\/09\/memorialestadio-730x350-1200x575.jpg 1200w, http:\/\/www.rincondelbulla.cl\/portal\/wp-content\/uploads\/2017\/09\/memorialestadio-730x350-696x334.jpg 696w, http:\/\/www.rincondelbulla.cl\/portal\/wp-content\/uploads\/2017\/09\/memorialestadio-730x350-1068x512.jpg 1068w, http:\/\/www.rincondelbulla.cl\/portal\/wp-content\/uploads\/2017\/09\/memorialestadio-730x350-876x420.jpg 876w\" sizes=\"auto, (max-width: 1460px) 100vw, 1460px\" \/><\/p>\n<p><strong>Durante estos d\u00edas los hinchas azules hacen memoria de los asesinados, desparecidos y todo lo ocurrido en el periodo de la dictadura de nuestro pa\u00eds.<\/strong><\/p>\n<p>Desde el d\u00eda jueves ya los azules, participaron de actividades diversas en memoria de lo ocurrido el 11 de septiembre de 1973 en adelante.<\/p>\n<p><img loading=\"lazy\" decoding=\"async\" class=\" wp-image-12553 alignleft\" src=\"http:\/\/www.rincondelbulla.cl\/portal\/wp-content\/uploads\/2017\/09\/11-de-septiembre-barra-roja.jpg\" alt=\"\" width=\"229\" height=\"129\" srcset=\"http:\/\/www.rincondelbulla.cl\/portal\/wp-content\/uploads\/2017\/09\/11-de-septiembre-barra-roja.jpg 960w, http:\/\/www.rincondelbulla.cl\/portal\/wp-content\/uploads\/2017\/09\/11-de-septiembre-barra-roja-300x169.jpg 300w, http:\/\/www.rincondelbulla.cl\/portal\/wp-content\/uploads\/2017\/09\/11-de-septiembre-barra-roja-768x432.jpg 768w, http:\/\/www.rincondelbulla.cl\/portal\/wp-content\/uploads\/2017\/09\/11-de-septiembre-barra-roja-696x392.jpg 696w, http:\/\/www.rincondelbulla.cl\/portal\/wp-content\/uploads\/2017\/09\/11-de-septiembre-barra-roja-747x420.jpg 747w\" sizes=\"auto, (max-width: 229px) 100vw, 229px\" \/>El d\u00eda jueves la actividad fue en el estadio Nacional, donde se realiz\u00f3 un recorrido por lugares del Estadio Nacional, que habitualmente no est\u00e1n abiertos cuando la U juega sus partidos. Los pudieron recorrer y hacer memoria de los hechos ocurridos cuando el recinto pas\u00f3 de un lugar para eventos deportivos a centro de torturas.<\/p>\n<p>Ayer antes de dar inicio al partido ante O&#8217;Higgins, fue el turno de los jugadores del cuadro m\u00e1gico.<\/p>\n<p>Isaac D\u00edaz y David Pizarro\u00a0conmocionaron a los hinchas que se dieron cuenta en el estadio Nacional.<\/p>\n<p>Los dos jugadores azules se acercaron al sector norte del recinto, con un ramo de flores, y\u00a0conmemoraron a los detenidos desaparecidos\u00a0en el hist\u00f3rico memorial.<\/p>\n<blockquote class=\"twitter-video\" data-lang=\"es\">\n<p dir=\"ltr\" lang=\"es\">Ah\u00ed est\u00e1 con mejor resoluci\u00f3n. &#x1f60d; <a href=\"https:\/\/t.co\/QTY0Fm8c4i\">pic.twitter.com\/QTY0Fm8c4i<\/a><\/p>\n<p>\u2014 Sebasti\u00e1n Hern\u00e1ndez (@copihueazul) <a href=\"https:\/\/twitter.com\/copihueazul\/status\/906716061151744002\">10 de septiembre de 2017<\/a><\/p><\/blockquote>\n<p><script async src=\"\/\/platform.twitter.com\/widgets.js\" charset=\"utf-8\"><\/script><\/p>\n<figure id=\"attachment_12554\" aria-describedby=\"caption-attachment-12554\" style=\"width: 257px\" class=\"wp-caption alignleft\"><img loading=\"lazy\" decoding=\"async\" class=\" wp-image-12554\" src=\"http:\/\/www.rincondelbulla.cl\/portal\/wp-content\/uploads\/2017\/09\/Romer\u00eda.jpg\" alt=\"\" width=\"257\" height=\"155\" srcset=\"http:\/\/www.rincondelbulla.cl\/portal\/wp-content\/uploads\/2017\/09\/Romer\u00eda.jpg 1200w, http:\/\/www.rincondelbulla.cl\/portal\/wp-content\/uploads\/2017\/09\/Romer\u00eda-300x182.jpg 300w, http:\/\/www.rincondelbulla.cl\/portal\/wp-content\/uploads\/2017\/09\/Romer\u00eda-768x465.jpg 768w, http:\/\/www.rincondelbulla.cl\/portal\/wp-content\/uploads\/2017\/09\/Romer\u00eda-696x421.jpg 696w, http:\/\/www.rincondelbulla.cl\/portal\/wp-content\/uploads\/2017\/09\/Romer\u00eda-1068x646.jpg 1068w, http:\/\/www.rincondelbulla.cl\/portal\/wp-content\/uploads\/2017\/09\/Romer\u00eda-694x420.jpg 694w\" sizes=\"auto, (max-width: 257px) 100vw, 257px\" \/><figcaption id=\"caption-attachment-12554\" class=\"wp-caption-text\">Fotograf\u00eda: Javier Vergara<\/figcaption><\/figure>\n<p>Hoy nuevamente fue el turno de los hinchas, quienes realizaron la tradicional romer\u00eda hacia el cementerio general, donde se recuerda a los cientos de fallecidos durante ese duro momento hist\u00f3rico.<\/p>\n<p>Adem\u00e1s ma\u00f1ana se realizar\u00e1 una entrega floral en la estatua de Allende y una velat\u00f3n.<\/p>\n<p>Pues porque como dicen muchos, un pa\u00eds sin memoria, es un pueblo sin futuro.<\/p>\n","protected":false},"excerpt":{"rendered":"<p>Durante estos d\u00edas los hinchas azules hacen memoria de los asesinados, desparecidos y todo lo ocurrido en el periodo de la dictadura de nuestro pa\u00eds. Desde el d\u00eda jueves ya los azules, participaron de actividades diversas en memoria de lo ocurrido el 11 de septiembre de 1973 en adelante. El d\u00eda jueves la actividad fue [&#8230;]<\/p>\n","protected":false},"author":21395,"featured_media":12556,"comment_status":"closed","ping_status":"open","sticky":false,"template":"","format":"standard","meta":{"footnotes":""},"categories":[18],"tags":[454,1214,694,1116,1213,424,1212,156],"class_list":{"0":"post-12552","1":"post","2":"type-post","3":"status-publish","4":"format-standard","5":"has-post-thumbnail","7":"category-actualidad","8":"tag-actualidad","9":"tag-cementerio-general","10":"tag-chile","11":"tag-cuadro-magico","12":"tag-dictadura","13":"tag-estadio-nacional","14":"tag-historia","15":"tag-universidad-de-chile"},"_links":{"self":[{"href":"http:\/\/www.rincondelbulla.cl\/portal\/wp-json\/wp\/v2\/posts\/12552","targetHints":{"allow":["GET"]}}],"collection":[{"href":"http:\/\/www.rincondelbulla.cl\/portal\/wp-json\/wp\/v2\/posts"}],"about":[{"href":"http:\/\/www.rincondelbulla.cl\/portal\/wp-json\/wp\/v2\/types\/post"}],"author":[{"embeddable":true,"href":"http:\/\/www.rincondelbulla.cl\/portal\/wp-json\/wp\/v2\/users\/21395"}],"replies":[{"embeddable":true,"href":"http:\/\/www.rincondelbulla.cl\/portal\/wp-json\/wp\/v2\/comments?post=12552"}],"version-history":[{"count":2,"href":"http:\/\/www.rincondelbulla.cl\/portal\/wp-json\/wp\/v2\/posts\/12552\/revisions"}],"predecessor-version":[{"id":12621,"href":"http:\/\/www.rincondelbulla.cl\/portal\/wp-json\/wp\/v2\/posts\/12552\/revisions\/12621"}],"wp:featuredmedia":[{"embeddable":true,"href":"http:\/\/www.rincondelbulla.cl\/portal\/wp-json\/wp\/v2\/media\/12556"}],"wp:attachment":[{"href":"http:\/\/www.rincondelbulla.cl\/portal\/wp-json\/wp\/v2\/media?parent=12552"}],"wp:term":[{"taxonomy":"category","embeddable":true,"href":"http:\/\/www.rincondelbulla.cl\/portal\/wp-json\/wp\/v2\/categories?post=12552"},{"taxonomy":"post_tag","embeddable":true,"href":"http:\/\/www.rincondelbulla.cl\/portal\/wp-json\/wp\/v2\/tags?post=12552"}],"curies":[{"name":"wp","href":"https:\/\/api.w.org\/{rel}","templated":true}]}}