{"id":12600,"date":"2017-09-15T00:00:08","date_gmt":"2017-09-15T03:00:08","guid":{"rendered":"http:\/\/www.rincondelbulla.cl\/portal\/?p=12600"},"modified":"2017-09-15T00:00:08","modified_gmt":"2017-09-15T03:00:08","slug":"hoyos-se-va-conforme-a-pasar-las-fiestas-patrias","status":"publish","type":"post","link":"http:\/\/www.rincondelbulla.cl\/portal\/2017\/09\/15\/hoyos-se-va-conforme-a-pasar-las-fiestas-patrias\/","title":{"rendered":"Hoyos se va conforme a pasar las fiestas patrias"},"content":{"rendered":"<figure id=\"attachment_12601\" aria-describedby=\"caption-attachment-12601\" style=\"width: 1045px\" class=\"wp-caption aligncenter\"><img loading=\"lazy\" decoding=\"async\" class=\"size-full wp-image-12601\" src=\"http:\/\/www.rincondelbulla.cl\/portal\/wp-content\/uploads\/2017\/09\/Hoyos-post-San-Luis-Copa-Chile.jpg\" alt=\"\" width=\"1045\" height=\"700\" srcset=\"http:\/\/www.rincondelbulla.cl\/portal\/wp-content\/uploads\/2017\/09\/Hoyos-post-San-Luis-Copa-Chile.jpg 1045w, http:\/\/www.rincondelbulla.cl\/portal\/wp-content\/uploads\/2017\/09\/Hoyos-post-San-Luis-Copa-Chile-300x201.jpg 300w, http:\/\/www.rincondelbulla.cl\/portal\/wp-content\/uploads\/2017\/09\/Hoyos-post-San-Luis-Copa-Chile-768x514.jpg 768w, http:\/\/www.rincondelbulla.cl\/portal\/wp-content\/uploads\/2017\/09\/Hoyos-post-San-Luis-Copa-Chile-696x466.jpg 696w, http:\/\/www.rincondelbulla.cl\/portal\/wp-content\/uploads\/2017\/09\/Hoyos-post-San-Luis-Copa-Chile-627x420.jpg 627w\" sizes=\"auto, (max-width: 1045px) 100vw, 1045px\" \/><figcaption id=\"caption-attachment-12601\" class=\"wp-caption-text\">Fotograf\u00eda: Leo Mora<\/figcaption><\/figure>\n<p><strong>Guillermo Hoyos, se declar\u00f3 conforme este jueves con lo realizado por sus pupilos en el triunfo por 1-0 sobre San Luis en la ida de los cuartos de final de la Copa Chile.<\/strong><\/p>\n<p>Consultado por el funcionamiento de su escuadra, el estratega de origen argentino declar\u00f3 que \u00abestoy contento con la producci\u00f3n y con el inter\u00e9s del equipo de ganar el partido en todo momento. Nos vamos conformes\u00bb.<\/p>\n<p>\u00abJugamos un partido intenso, con mucha superaci\u00f3n en la linea media, donde dificultamos el trabajo de San Luis. Eso hizo que el triunfo fuera merecido. Luego, jugamos 30 minutos con 10 jugadores y felicito a mis jugadores\u00bb, a\u00f1adi\u00f3.<\/p>\n<p>Adem\u00e1s valor\u00f3 el penal que ataj\u00f3 Johnny Herrera en el ep\u00edlogo, evitando el empate de los quillotanos.<\/p>\n<p>\u00abEl penal no nos favoreci\u00f3, pero Johnny es un excelente arquero a nivel de penales. Realmente resuelve y gana situaciones finales\u00bb, dijo.<\/p>\n<p>Por \u00faltimo, Hoyos destac\u00f3 la mejora presentada respecto al partido perdido hace un mes ante el mismo rival de hoy y en el mismo escenario, pero por el Torneo de Transici\u00f3n.<\/p>\n<p>\u00abSiempre uno va viendo cosas. En el desarrollo del primer partido se presentaron muchas cosas y esta vez fue diferente\u00bb, sentenci\u00f3.<\/p>\n","protected":false},"excerpt":{"rendered":"<p>Guillermo Hoyos, se declar\u00f3 conforme este jueves con lo realizado por sus pupilos en el triunfo por 1-0 sobre San Luis en la ida de los cuartos de final de la Copa Chile. Consultado por el funcionamiento de su escuadra, el estratega de origen argentino declar\u00f3 que \u00abestoy contento con la producci\u00f3n y con el [&#8230;]<\/p>\n","protected":false},"author":21395,"featured_media":12601,"comment_status":"closed","ping_status":"open","sticky":false,"template":"","format":"standard","meta":{"footnotes":""},"categories":[18],"tags":[454,154,1116,1006,841,156],"class_list":{"0":"post-12600","1":"post","2":"type-post","3":"status-publish","4":"format-standard","5":"has-post-thumbnail","7":"category-actualidad","8":"tag-actualidad","9":"tag-copa-chile","10":"tag-cuadro-magico","11":"tag-guillermo-hoyos","12":"tag-san-luis","13":"tag-universidad-de-chile"},"_links":{"self":[{"href":"http:\/\/www.rincondelbulla.cl\/portal\/wp-json\/wp\/v2\/posts\/12600","targetHints":{"allow":["GET"]}}],"collection":[{"href":"http:\/\/www.rincondelbulla.cl\/portal\/wp-json\/wp\/v2\/posts"}],"about":[{"href":"http:\/\/www.rincondelbulla.cl\/portal\/wp-json\/wp\/v2\/types\/post"}],"author":[{"embeddable":true,"href":"http:\/\/www.rincondelbulla.cl\/portal\/wp-json\/wp\/v2\/users\/21395"}],"replies":[{"embeddable":true,"href":"http:\/\/www.rincondelbulla.cl\/portal\/wp-json\/wp\/v2\/comments?post=12600"}],"version-history":[{"count":1,"href":"http:\/\/www.rincondelbulla.cl\/portal\/wp-json\/wp\/v2\/posts\/12600\/revisions"}],"predecessor-version":[{"id":12602,"href":"http:\/\/www.rincondelbulla.cl\/portal\/wp-json\/wp\/v2\/posts\/12600\/revisions\/12602"}],"wp:featuredmedia":[{"embeddable":true,"href":"http:\/\/www.rincondelbulla.cl\/portal\/wp-json\/wp\/v2\/media\/12601"}],"wp:attachment":[{"href":"http:\/\/www.rincondelbulla.cl\/portal\/wp-json\/wp\/v2\/media?parent=12600"}],"wp:term":[{"taxonomy":"category","embeddable":true,"href":"http:\/\/www.rincondelbulla.cl\/portal\/wp-json\/wp\/v2\/categories?post=12600"},{"taxonomy":"post_tag","embeddable":true,"href":"http:\/\/www.rincondelbulla.cl\/portal\/wp-json\/wp\/v2\/tags?post=12600"}],"curies":[{"name":"wp","href":"https:\/\/api.w.org\/{rel}","templated":true}]}}