{"id":12604,"date":"2017-09-15T17:42:26","date_gmt":"2017-09-15T20:42:26","guid":{"rendered":"http:\/\/www.rincondelbulla.cl\/portal\/?p=12604"},"modified":"2019-02-13T19:08:13","modified_gmt":"2019-02-13T22:08:13","slug":"cuecas-pal-romantico-cuequero","status":"publish","type":"post","link":"http:\/\/www.rincondelbulla.cl\/portal\/2017\/09\/15\/cuecas-pal-romantico-cuequero\/","title":{"rendered":"Cuecas pal&#8217; Rom\u00e1ntico Cuequero"},"content":{"rendered":"<p><img loading=\"lazy\" decoding=\"async\" class=\"alignleft size-full wp-image-12606\" src=\"http:\/\/www.rincondelbulla.cl\/portal\/wp-content\/uploads\/2017\/09\/Cuecas-Bravas-Marco-Olea.jpg\" alt=\"\" width=\"678\" height=\"381\" \/><\/p>\n<p><strong>Ya estamos dando inicio a las fiestas patrias, la U nos dej\u00f3 con una alegr\u00eda y hay que celebrar como Dios manda. Ac\u00e1 les dej\u00f3 una entrevista que le realic\u00e9 hace un tiempo a Claudio Castillo, \u201cLas Rejas\u201d, creador del disco Cuecas pal Rom\u00e1ntico Cuequero.<\/strong><\/p>\n<p><strong>\u00bfC\u00f3mo se inici\u00f3 la idea de realizar un disco de cuecas azules?<\/strong><\/p>\n<p>Soy cuequero al igual que mi familia t\u00edos, primos, hermanos. me fascina el folclore latinoamericano, mi hija va en el colegio de los Inti illimani, \u201cColegio sol del Illimani\u201d de La Florida, al buscar cuecas de la U a\u00f1os atr\u00e1s me encontr\u00e9 con una muy antigua, \u201cTumbaito y su barra \u2013 Arriba la U\u201d (1970), me alegre mucho, pero eso no bastaba, por eso realic\u00e9 este proyecto de hacer un disco con 10 cuecas azules, m\u00e1s un monologo para consagrar este tremendo trabajo.<\/p>\n<p><strong>\u00bfQui\u00e9nes est\u00e1n detr\u00e1s de la creaci\u00f3n del disco?<\/strong><\/p>\n<p>Cuando hago algo, me gusta hacerlo bien, tengo un primo que es integrante del BAFONA (Ballet Folcl\u00f3rico Nacional) m\u00fasico, m\u00e1s gente del grupo \u201cLos Arrabaleros\u201d, finalistas del festival de Vi\u00f1a y un grande de la cueca chora como Marco Olea, cuequero de tomo y lomo, a quien se le invito a participar en este proyecto donde todos los m\u00fasicos deber\u00edan ser de la U como as\u00ed fue, pura gente especializada en cueca y que lleva a la U en las venas tiki tiki tiii\u2026<\/p>\n<p><strong>\u00bfCu\u00e1nto tiempo se demoraron en producir el disco?<\/strong><\/p>\n<p>Este proyecto dur\u00f3 3 meses: hacer las cuecas, cambiar la poes\u00eda, buscar los temas originales, despu\u00e9s los temas del estadio, grabar las pistas, confeccionar la foto y editar, adem\u00e1s de estudiar mucho la historia del club, para grabar el mon\u00f3logo del hincha azul, que saco m\u00e1s de alguna lagrima, por Chile y el mundo.<\/p>\n<p><img loading=\"lazy\" decoding=\"async\" class=\"alignleft size-full wp-image-12605\" src=\"http:\/\/www.rincondelbulla.cl\/portal\/wp-content\/uploads\/2017\/09\/Cuecas-Bravas-Claudio-Las-Rejas.jpg\" alt=\"\" width=\"300\" height=\"200\" \/>\u00bfEn algunas canciones se logra distinguir la canci\u00f3n original o la que canta la hinchada, en otras no, cual es el motivo?<\/p>\n<p>La idea principal es que fueran canciones que se canten en el estadio y llevarlas a la cuecas, bien dif\u00edcil, pero lo logramos, claro que no es 100 % el tema original, por un tema de m\u00e9trica de la cueca, ejemplo la canci\u00f3n \u201cAunque no ganemos en la cancha\u201d, se ten\u00eda que enmarcar en los tiempos y acordes de la cueca brava y quedo \u201csino ga, si no ganamos en la canchaaaa, no te d\u00e9, no te dejara esta hinchadaaaa\u2026\u201d<\/p>\n<p>Y as\u00ed fuimos creando muchos temas con canciones de la barra, por eso hay temas que son casi nuevos para la gente, \u201cCampe\u00f3n sudamericana\u201d, \u201cSalta cuando todos est\u00e9n tristes\u201d, Todos saben de un gran amor\u201d, est\u00e1n en las cuecas, les dejo tarea para que los identifiquen jajaja.<\/p>\n<p><strong>\u00bfSi la gente por estos d\u00edas quiere adquirir el disco?, \u00bfD\u00f3nde o como lo puede hacer?<\/strong><\/p>\n<p>Primero entender que este proyecto es sin fines de lucro, ya que de mi bolsillo pague el 100% del proyecto, ( 1.250.000 pesos) ah\u00ed le vendimos muy baratos los CD a La Magia Azul, <strong>Tienda sector sur <\/strong>(Donde a\u00fan se venden), Manzapolera, y bueno, me quede con algunos que he ido vendiendo con el paso del tiempo. Me alegra mucho que el hincha compre el CD de cueca por que el proyecto era ese, acercar al hincha al folclor y adem\u00e1s entregar arte y cultura a Chile, de parte de la hinchada azul.<\/p>\n<p><strong>\u00bfAlgo m\u00e1s que quieras agregar?<\/strong><\/p>\n<p>Si, la cueca brava, es la cueca del pueblo, esta nace en los suburbios, en los c\u00e1rceles se cantaba mucha cueca brava, en los puterios, y bares de Valpara\u00edso, que muy r\u00e1pidamente se expandi\u00f3 por todo Chile, para acercar a la gente humilde, no me identifico mucho con la cueca cl\u00e1sica, esa de los Huasos Quincheros o los Huasos de Algarrobal, esa cueca es para los ricos, donde no pertenezco y no me gustar\u00eda pertenecer, soy de poblaci\u00f3n, conoc\u00ed la pobreza, los piojos, y el hambre, soy barrio, de vino bigoteao, de pelear los mano a mano, y de cuecas que salen improvisadas en el momento, de esa soy yo, de la cueca brava.<\/p>\n<p>Y bueno, para empezar a bailar, preparamos este v\u00eddeo con una de las cuecas que contiene este tremendo disco Bullanguero&#8230;<\/p>\n<p><iframe loading=\"lazy\" src=\"https:\/\/www.youtube.com\/embed\/tm7n3lYDqwc\" width=\"560\" height=\"315\" frameborder=\"0\" allowfullscreen=\"allowfullscreen\"><\/iframe><\/p>\n","protected":false},"excerpt":{"rendered":"<p>Ya estamos dando inicio a las fiestas patrias, la U nos dej\u00f3 con una alegr\u00eda y hay que celebrar como Dios manda. Ac\u00e1 les dej\u00f3 una entrevista que le realic\u00e9 hace un tiempo a Claudio Castillo, \u201cLas Rejas\u201d, creador del disco Cuecas pal Rom\u00e1ntico Cuequero. \u00bfC\u00f3mo se inici\u00f3 la idea de realizar un disco de [&#8230;]<\/p>\n","protected":false},"author":21395,"featured_media":12609,"comment_status":"closed","ping_status":"open","sticky":false,"template":"","format":"standard","meta":{"footnotes":""},"categories":[18],"tags":[454,1217,1216,1116,1219,771,1220,1218,156],"class_list":{"0":"post-12604","1":"post","2":"type-post","3":"status-publish","4":"format-standard","5":"has-post-thumbnail","7":"category-actualidad","8":"tag-actualidad","9":"tag-claudio-castillo","10":"tag-claudio-las-rejas","11":"tag-cuadro-magico","12":"tag-cuecas","13":"tag-marco-olea","14":"tag-musica-chilena","15":"tag-romantico-cuequero","16":"tag-universidad-de-chile"},"_links":{"self":[{"href":"http:\/\/www.rincondelbulla.cl\/portal\/wp-json\/wp\/v2\/posts\/12604","targetHints":{"allow":["GET"]}}],"collection":[{"href":"http:\/\/www.rincondelbulla.cl\/portal\/wp-json\/wp\/v2\/posts"}],"about":[{"href":"http:\/\/www.rincondelbulla.cl\/portal\/wp-json\/wp\/v2\/types\/post"}],"author":[{"embeddable":true,"href":"http:\/\/www.rincondelbulla.cl\/portal\/wp-json\/wp\/v2\/users\/21395"}],"replies":[{"embeddable":true,"href":"http:\/\/www.rincondelbulla.cl\/portal\/wp-json\/wp\/v2\/comments?post=12604"}],"version-history":[{"count":2,"href":"http:\/\/www.rincondelbulla.cl\/portal\/wp-json\/wp\/v2\/posts\/12604\/revisions"}],"predecessor-version":[{"id":12608,"href":"http:\/\/www.rincondelbulla.cl\/portal\/wp-json\/wp\/v2\/posts\/12604\/revisions\/12608"}],"wp:featuredmedia":[{"embeddable":true,"href":"http:\/\/www.rincondelbulla.cl\/portal\/wp-json\/wp\/v2\/media\/12609"}],"wp:attachment":[{"href":"http:\/\/www.rincondelbulla.cl\/portal\/wp-json\/wp\/v2\/media?parent=12604"}],"wp:term":[{"taxonomy":"category","embeddable":true,"href":"http:\/\/www.rincondelbulla.cl\/portal\/wp-json\/wp\/v2\/categories?post=12604"},{"taxonomy":"post_tag","embeddable":true,"href":"http:\/\/www.rincondelbulla.cl\/portal\/wp-json\/wp\/v2\/tags?post=12604"}],"curies":[{"name":"wp","href":"https:\/\/api.w.org\/{rel}","templated":true}]}}