{"id":12611,"date":"2017-09-16T10:33:05","date_gmt":"2017-09-16T13:33:05","guid":{"rendered":"http:\/\/www.rincondelbulla.cl\/portal\/?p=12611"},"modified":"2017-09-16T10:33:05","modified_gmt":"2017-09-16T13:33:05","slug":"superclasicos-de-dulce-y-agraz","status":"publish","type":"post","link":"http:\/\/www.rincondelbulla.cl\/portal\/2017\/09\/16\/superclasicos-de-dulce-y-agraz\/","title":{"rendered":"Supercl\u00e1sicos de dulce y agraz"},"content":{"rendered":"<figure id=\"attachment_12612\" aria-describedby=\"caption-attachment-12612\" style=\"width: 1048px\" class=\"wp-caption aligncenter\"><img loading=\"lazy\" decoding=\"async\" class=\"size-full wp-image-12612\" src=\"http:\/\/www.rincondelbulla.cl\/portal\/wp-content\/uploads\/2017\/09\/Formativo-16-de-septiembre.jpg\" alt=\"\" width=\"1048\" height=\"700\" srcset=\"http:\/\/www.rincondelbulla.cl\/portal\/wp-content\/uploads\/2017\/09\/Formativo-16-de-septiembre.jpg 1048w, http:\/\/www.rincondelbulla.cl\/portal\/wp-content\/uploads\/2017\/09\/Formativo-16-de-septiembre-300x200.jpg 300w, http:\/\/www.rincondelbulla.cl\/portal\/wp-content\/uploads\/2017\/09\/Formativo-16-de-septiembre-768x513.jpg 768w, http:\/\/www.rincondelbulla.cl\/portal\/wp-content\/uploads\/2017\/09\/Formativo-16-de-septiembre-696x465.jpg 696w, http:\/\/www.rincondelbulla.cl\/portal\/wp-content\/uploads\/2017\/09\/Formativo-16-de-septiembre-629x420.jpg 629w\" sizes=\"auto, (max-width: 1048px) 100vw, 1048px\" \/><figcaption id=\"caption-attachment-12612\" class=\"wp-caption-text\">Fotograf\u00eda: FutbolJoven U. de Chile<\/figcaption><\/figure>\n<p><strong>Este viernes se jug\u00f3 una nueva fecha del f\u00fatbol joven y los duelos fueron ante Colo Colo, en Quil\u00edn, Centro Deportivo Azul y Monumental.<\/strong><\/p>\n<p>La Sub 19 Azul cay\u00f3 por 0-2 frente a Colo Colo.<\/p>\n<p>Por su parte la Sub 17 con gran actuaci\u00f3n de\u00a0<strong>Joaqu\u00edn Fenolio,<\/strong>\u00a0quien se inscribi\u00f3 con dos tantos en el marcador,\u00a0derrot\u00f3 3-2 a su cl\u00e1sico rival en el CDA y alcanz\u00f3 las 12 unidades en la tabla, ubic\u00e1ndose moment\u00e1neamente entre los cuatro primeros lugares.<\/p>\n<p>Un contundente\u00a0triunfo por 5-0 consigui\u00f3 La Sub 15 en una nueva versi\u00f3n del supercl\u00e1sico ante Colo Colo, choque que se disput\u00f3 este viernes en el Estadio Monumental y fue v\u00e1lido por la sexta fecha del Torneo de F\u00fatbol Joven.<\/p>\n<p>Enzo Fern\u00e1ndez\u00a0(44\u2019) el que abri\u00f3 la cuenta a nuestro favor cuando se terminaba el primer tiempo, en lo que termin\u00f3 convirti\u00e9ndose en un golpe an\u00edmico para el complemento. Esto porque\u00a0Jorge Reyes (48\u2019), Crist\u00f3bal Mu\u00f1oz (74\u2019), Luis Rojas (83\u2019)\u00a0y\u00a0Sim\u00f3n Contreras (90\u2019)alargaron las cifras y nos permitieron concretar un gran triunfo a domicilio.<\/p>\n<p>Finalemente la U y Colo Colo Sub 16 igualaron 2-2. Goles Azules de Ignacio Arqueros y Benjam\u00edn Cayupi para el cuadro m\u00e1gico.<\/p>\n<p>Ahora los leones, descansan pensando en la siguiente fecha.<\/p>\n<p>Fuentes:\u00a0<a href=\"https:\/\/www.facebook.com\/futboljovenU\/\">FutbolJoven U. de Chile<\/a>\u00a0\/ UdeChile<\/p>\n","protected":false},"excerpt":{"rendered":"<p>Este viernes se jug\u00f3 una nueva fecha del f\u00fatbol joven y los duelos fueron ante Colo Colo, en Quil\u00edn, Centro Deportivo Azul y Monumental. La Sub 19 Azul cay\u00f3 por 0-2 frente a Colo Colo. Por su parte la Sub 17 con gran actuaci\u00f3n de\u00a0Joaqu\u00edn Fenolio,\u00a0quien se inscribi\u00f3 con dos tantos en el marcador,\u00a0derrot\u00f3 3-2 [&#8230;]<\/p>\n","protected":false},"author":21398,"featured_media":12612,"comment_status":"closed","ping_status":"open","sticky":false,"template":"","format":"standard","meta":{"footnotes":""},"categories":[18],"tags":[454,1116,409,1177,44,156],"class_list":{"0":"post-12611","1":"post","2":"type-post","3":"status-publish","4":"format-standard","5":"has-post-thumbnail","7":"category-actualidad","8":"tag-actualidad","9":"tag-cuadro-magico","10":"tag-futbol-formativo","11":"tag-futbol-joven","12":"tag-superclasico","13":"tag-universidad-de-chile"},"_links":{"self":[{"href":"http:\/\/www.rincondelbulla.cl\/portal\/wp-json\/wp\/v2\/posts\/12611","targetHints":{"allow":["GET"]}}],"collection":[{"href":"http:\/\/www.rincondelbulla.cl\/portal\/wp-json\/wp\/v2\/posts"}],"about":[{"href":"http:\/\/www.rincondelbulla.cl\/portal\/wp-json\/wp\/v2\/types\/post"}],"author":[{"embeddable":true,"href":"http:\/\/www.rincondelbulla.cl\/portal\/wp-json\/wp\/v2\/users\/21398"}],"replies":[{"embeddable":true,"href":"http:\/\/www.rincondelbulla.cl\/portal\/wp-json\/wp\/v2\/comments?post=12611"}],"version-history":[{"count":1,"href":"http:\/\/www.rincondelbulla.cl\/portal\/wp-json\/wp\/v2\/posts\/12611\/revisions"}],"predecessor-version":[{"id":12613,"href":"http:\/\/www.rincondelbulla.cl\/portal\/wp-json\/wp\/v2\/posts\/12611\/revisions\/12613"}],"wp:featuredmedia":[{"embeddable":true,"href":"http:\/\/www.rincondelbulla.cl\/portal\/wp-json\/wp\/v2\/media\/12612"}],"wp:attachment":[{"href":"http:\/\/www.rincondelbulla.cl\/portal\/wp-json\/wp\/v2\/media?parent=12611"}],"wp:term":[{"taxonomy":"category","embeddable":true,"href":"http:\/\/www.rincondelbulla.cl\/portal\/wp-json\/wp\/v2\/categories?post=12611"},{"taxonomy":"post_tag","embeddable":true,"href":"http:\/\/www.rincondelbulla.cl\/portal\/wp-json\/wp\/v2\/tags?post=12611"}],"curies":[{"name":"wp","href":"https:\/\/api.w.org\/{rel}","templated":true}]}}