{"id":12633,"date":"2017-09-20T12:44:02","date_gmt":"2017-09-20T15:44:02","guid":{"rendered":"http:\/\/www.rincondelbulla.cl\/portal\/?p=12633"},"modified":"2017-09-20T12:44:02","modified_gmt":"2017-09-20T15:44:02","slug":"exazules-en-mexico-relatan-lo-sucedido-en-el-terremoto","status":"publish","type":"post","link":"http:\/\/www.rincondelbulla.cl\/portal\/2017\/09\/20\/exazules-en-mexico-relatan-lo-sucedido-en-el-terremoto\/","title":{"rendered":"ExAzules en M\u00e9xico relatan lo sucedido en el terremoto"},"content":{"rendered":"<p><img loading=\"lazy\" decoding=\"async\" class=\"aligncenter size-full wp-image-12635\" src=\"http:\/\/www.rincondelbulla.cl\/portal\/wp-content\/uploads\/2017\/09\/Bandera-M\u00e9xico.jpg\" alt=\"\" width=\"1200\" height=\"750\" srcset=\"http:\/\/www.rincondelbulla.cl\/portal\/wp-content\/uploads\/2017\/09\/Bandera-M\u00e9xico.jpg 1200w, http:\/\/www.rincondelbulla.cl\/portal\/wp-content\/uploads\/2017\/09\/Bandera-M\u00e9xico-300x188.jpg 300w, http:\/\/www.rincondelbulla.cl\/portal\/wp-content\/uploads\/2017\/09\/Bandera-M\u00e9xico-768x480.jpg 768w, http:\/\/www.rincondelbulla.cl\/portal\/wp-content\/uploads\/2017\/09\/Bandera-M\u00e9xico-696x435.jpg 696w, http:\/\/www.rincondelbulla.cl\/portal\/wp-content\/uploads\/2017\/09\/Bandera-M\u00e9xico-1068x668.jpg 1068w, http:\/\/www.rincondelbulla.cl\/portal\/wp-content\/uploads\/2017\/09\/Bandera-M\u00e9xico-672x420.jpg 672w\" sizes=\"auto, (max-width: 1200px) 100vw, 1200px\" \/><\/p>\n<p><strong>Osvaldo Gonz\u00e1lez, dio a conocer su testimonio respecto al terremoto que sacudi\u00f3 el martes a M\u00e9xico y que ha dejado m\u00e1s de 200 v\u00edctimas fatales.\u00a0<\/strong><\/p>\n<p>En di\u00e1logo con El Mercurio, el ex zaguero de Universidad de Chile declar\u00f3 que \u00ablos chilenos estamos m\u00e1s habituados a los temblores, pero la sensaci\u00f3n que sentimos con este movimiento fue que se trataba de un remez\u00f3n demasiado fuerte. Inmediatamente supe que era un terremoto\u00bb.<\/p>\n<p>\u00abHab\u00eda entrado reci\u00e9n a mi casa, que es de dos pisos y corr\u00ed para salir. Eso fue lo primero que hice. Todo se mov\u00eda, ve\u00eda como la camioneta saltaba. Pens\u00e9 que la casa se ven\u00eda abajo\u00bb, agreg\u00f3.<\/p>\n<p>Tras el fuerte movimiento, Gonz\u00e1lez revel\u00f3 que \u00abfui a buscar a mis hijos al colegio. No sab\u00eda c\u00f3mo estaban y la angustia fue grande. Por suerte mi casa est\u00e1 muy cerca del colegio, a tres cuadras. Tom\u00e9 el auto y part\u00ed r\u00e1pido. Fui uno de los primeros padres en llegar y vi que mis ni\u00f1os estaban bien. Mi hija estaba un poco nerviosa, pero bien. Despu\u00e9s qued\u00f3 la escoba, todos corr\u00edan, para irse r\u00e1pido a sus casas, mientras en las calles la gente estaba muy asustada. En la televisi\u00f3n pudimos ver c\u00f3mo se ca\u00edan los edificios en el DF\u00bb.<\/p>\n<p>Debido al terremoto, la Liga mexicana decidi\u00f3 suspender todos los partidos de los octavos de final de la Copa MX que deb\u00edan disputarse entre el martes y el jueves.<\/p>\n<p>Otro de los azules que tambi\u00e9n coment\u00f3 en sus redes sociales fue Marcelo D\u00edaz, qui\u00e9n tambi\u00e9n est\u00e1 en M\u00e9xico.<\/p>\n<blockquote class=\"twitter-tweet\">\n<p dir=\"ltr\" lang=\"es\">Mucha fuerza hermanos Mexicanos! Dios es fiel y est\u00e1 con todos ustedes en estos momentos tan duros. <a href=\"https:\/\/t.co\/xl4Nf4z9dN\">https:\/\/t.co\/xl4Nf4z9dN<\/a><\/p>\n<p>\u2014 Marcelo Diaz (@CHELODIAZ_21) <a href=\"https:\/\/twitter.com\/CHELODIAZ_21\/status\/910257902874591233\">19 de septiembre de 2017<\/a><\/p><\/blockquote>\n<p>Felipe Mora, actual Cruz Azul, tambi\u00e9n dej\u00f3 su mensaje en instagram, tras el fuerte terremoto.<\/p>\n<p><img loading=\"lazy\" decoding=\"async\" class=\"aligncenter size-full wp-image-12634\" src=\"http:\/\/www.rincondelbulla.cl\/portal\/wp-content\/uploads\/2017\/09\/Mora.jpg\" alt=\"\" width=\"960\" height=\"644\" srcset=\"http:\/\/www.rincondelbulla.cl\/portal\/wp-content\/uploads\/2017\/09\/Mora.jpg 960w, http:\/\/www.rincondelbulla.cl\/portal\/wp-content\/uploads\/2017\/09\/Mora-300x201.jpg 300w, http:\/\/www.rincondelbulla.cl\/portal\/wp-content\/uploads\/2017\/09\/Mora-768x515.jpg 768w, http:\/\/www.rincondelbulla.cl\/portal\/wp-content\/uploads\/2017\/09\/Mora-696x467.jpg 696w, http:\/\/www.rincondelbulla.cl\/portal\/wp-content\/uploads\/2017\/09\/Mora-626x420.jpg 626w\" sizes=\"auto, (max-width: 960px) 100vw, 960px\" \/><\/p>\n","protected":false},"excerpt":{"rendered":"<p>Osvaldo Gonz\u00e1lez, dio a conocer su testimonio respecto al terremoto que sacudi\u00f3 el martes a M\u00e9xico y que ha dejado m\u00e1s de 200 v\u00edctimas fatales.\u00a0 En di\u00e1logo con El Mercurio, el ex zaguero de Universidad de Chile declar\u00f3 que \u00ablos chilenos estamos m\u00e1s habituados a los temblores, pero la sensaci\u00f3n que sentimos con este movimiento [&#8230;]<\/p>\n","protected":false},"author":21398,"featured_media":12635,"comment_status":"closed","ping_status":"open","sticky":false,"template":"","format":"standard","meta":{"footnotes":""},"categories":[18],"tags":[454,55,1116,539,58,88,156],"class_list":{"0":"post-12633","1":"post","2":"type-post","3":"status-publish","4":"format-standard","5":"has-post-thumbnail","7":"category-actualidad","8":"tag-actualidad","9":"tag-azules-por-el-mundo","10":"tag-cuadro-magico","11":"tag-felipe-mora","12":"tag-marcelo-diaz","13":"tag-osvaldo-gonzalez","14":"tag-universidad-de-chile"},"_links":{"self":[{"href":"http:\/\/www.rincondelbulla.cl\/portal\/wp-json\/wp\/v2\/posts\/12633","targetHints":{"allow":["GET"]}}],"collection":[{"href":"http:\/\/www.rincondelbulla.cl\/portal\/wp-json\/wp\/v2\/posts"}],"about":[{"href":"http:\/\/www.rincondelbulla.cl\/portal\/wp-json\/wp\/v2\/types\/post"}],"author":[{"embeddable":true,"href":"http:\/\/www.rincondelbulla.cl\/portal\/wp-json\/wp\/v2\/users\/21398"}],"replies":[{"embeddable":true,"href":"http:\/\/www.rincondelbulla.cl\/portal\/wp-json\/wp\/v2\/comments?post=12633"}],"version-history":[{"count":1,"href":"http:\/\/www.rincondelbulla.cl\/portal\/wp-json\/wp\/v2\/posts\/12633\/revisions"}],"predecessor-version":[{"id":12636,"href":"http:\/\/www.rincondelbulla.cl\/portal\/wp-json\/wp\/v2\/posts\/12633\/revisions\/12636"}],"wp:featuredmedia":[{"embeddable":true,"href":"http:\/\/www.rincondelbulla.cl\/portal\/wp-json\/wp\/v2\/media\/12635"}],"wp:attachment":[{"href":"http:\/\/www.rincondelbulla.cl\/portal\/wp-json\/wp\/v2\/media?parent=12633"}],"wp:term":[{"taxonomy":"category","embeddable":true,"href":"http:\/\/www.rincondelbulla.cl\/portal\/wp-json\/wp\/v2\/categories?post=12633"},{"taxonomy":"post_tag","embeddable":true,"href":"http:\/\/www.rincondelbulla.cl\/portal\/wp-json\/wp\/v2\/tags?post=12633"}],"curies":[{"name":"wp","href":"https:\/\/api.w.org\/{rel}","templated":true}]}}