{"id":12683,"date":"2017-09-25T19:03:18","date_gmt":"2017-09-25T22:03:18","guid":{"rendered":"http:\/\/www.rincondelbulla.cl\/portal\/?p=12683"},"modified":"2017-09-25T19:03:18","modified_gmt":"2017-09-25T22:03:18","slug":"pinilla-prefiero-no-hacer-goles-pero-ganar","status":"publish","type":"post","link":"http:\/\/www.rincondelbulla.cl\/portal\/2017\/09\/25\/pinilla-prefiero-no-hacer-goles-pero-ganar\/","title":{"rendered":"Pinilla: \u00abPrefiero no hacer goles pero ganar\u00bb"},"content":{"rendered":"<figure id=\"attachment_12053\" aria-describedby=\"caption-attachment-12053\" style=\"width: 1000px\" class=\"wp-caption aligncenter\"><img loading=\"lazy\" decoding=\"async\" class=\"size-full wp-image-12053\" src=\"http:\/\/www.rincondelbulla.cl\/portal\/wp-content\/uploads\/2017\/08\/Mauricio-Pinilla-post-Temuco.jpeg\" alt=\"\" width=\"1000\" height=\"667\" srcset=\"http:\/\/www.rincondelbulla.cl\/portal\/wp-content\/uploads\/2017\/08\/Mauricio-Pinilla-post-Temuco.jpeg 1000w, http:\/\/www.rincondelbulla.cl\/portal\/wp-content\/uploads\/2017\/08\/Mauricio-Pinilla-post-Temuco-300x200.jpeg 300w, http:\/\/www.rincondelbulla.cl\/portal\/wp-content\/uploads\/2017\/08\/Mauricio-Pinilla-post-Temuco-768x512.jpeg 768w, http:\/\/www.rincondelbulla.cl\/portal\/wp-content\/uploads\/2017\/08\/Mauricio-Pinilla-post-Temuco-696x464.jpeg 696w, http:\/\/www.rincondelbulla.cl\/portal\/wp-content\/uploads\/2017\/08\/Mauricio-Pinilla-post-Temuco-630x420.jpeg 630w\" sizes=\"auto, (max-width: 1000px) 100vw, 1000px\" \/><figcaption id=\"caption-attachment-12053\" class=\"wp-caption-text\">Fotograf\u00eda: Claudio C\u00e1ceres<\/figcaption><\/figure>\n<p><strong>Mauricio Pinilla manifest\u00f3 su disconformidad con la paridad 2-2 en el Estadio Nacional ante Everton, resultado que le impidi\u00f3 al cuadro azul meterse en los primeros lugares del Torneo de Transici\u00f3n.\u00a0<\/strong><\/p>\n<p>Pese a marcar los dos goles de la \u2018U\u2019 en \u00d1u\u00f1oa, el ariete no qued\u00f3 contento al dejar su escuadra dos puntos como local. \u201cEs imposible estar contento con este resultado, lo he dicho otras veces, prefiero no hacer goles pero ganar. Era un partido totalmente controlado y hubo relajo que termin\u00f3 significando el 2-1. En el segundo tiempo entramos con disposici\u00f3n y hubo otro error\u201d, indic\u00f3.<\/p>\n<p>\u201dMe voy con pena, ten\u00edamos el partido ganado y lo regalamos. Es cien por ciento responsabilidad nuestra. si queremos pelear hasta el final no podemos dejar escapar estos puntos, menos en nuestro estadio\u201d, complement\u00f3.<\/p>\n<p>En tanto, ante la posibilidad de ser parte de la \u2018Roja\u2019 para los duelos clasificatorios claves ante Ecuador y Brasil, el \u20189\u2019 del elenco colegial se\u00f1al\u00f3 que \u201cmi intenci\u00f3n de volver a la \u2018U\u2019 es defender la camiseta de mis amores y que amo, y si esa posibilidad llega, bienvenido sea. Siempre se espera esa posibilidad cuando se est\u00e1n haciendo bien las cosas\u201d.<\/p>\n","protected":false},"excerpt":{"rendered":"<p>Mauricio Pinilla manifest\u00f3 su disconformidad con la paridad 2-2 en el Estadio Nacional ante Everton, resultado que le impidi\u00f3 al cuadro azul meterse en los primeros lugares del Torneo de Transici\u00f3n.\u00a0 Pese a marcar los dos goles de la \u2018U\u2019 en \u00d1u\u00f1oa, el ariete no qued\u00f3 contento al dejar su escuadra dos puntos como local. [&#8230;]<\/p>\n","protected":false},"author":21395,"featured_media":12643,"comment_status":"closed","ping_status":"open","sticky":false,"template":"","format":"standard","meta":{"footnotes":""},"categories":[18],"tags":[454,1116,631,1227,156],"class_list":{"0":"post-12683","1":"post","2":"type-post","3":"status-publish","4":"format-standard","5":"has-post-thumbnail","7":"category-actualidad","8":"tag-actualidad","9":"tag-cuadro-magico","10":"tag-mauricio-pinilla","11":"tag-torneo-de-transicion","12":"tag-universidad-de-chile"},"_links":{"self":[{"href":"http:\/\/www.rincondelbulla.cl\/portal\/wp-json\/wp\/v2\/posts\/12683","targetHints":{"allow":["GET"]}}],"collection":[{"href":"http:\/\/www.rincondelbulla.cl\/portal\/wp-json\/wp\/v2\/posts"}],"about":[{"href":"http:\/\/www.rincondelbulla.cl\/portal\/wp-json\/wp\/v2\/types\/post"}],"author":[{"embeddable":true,"href":"http:\/\/www.rincondelbulla.cl\/portal\/wp-json\/wp\/v2\/users\/21395"}],"replies":[{"embeddable":true,"href":"http:\/\/www.rincondelbulla.cl\/portal\/wp-json\/wp\/v2\/comments?post=12683"}],"version-history":[{"count":1,"href":"http:\/\/www.rincondelbulla.cl\/portal\/wp-json\/wp\/v2\/posts\/12683\/revisions"}],"predecessor-version":[{"id":12684,"href":"http:\/\/www.rincondelbulla.cl\/portal\/wp-json\/wp\/v2\/posts\/12683\/revisions\/12684"}],"wp:featuredmedia":[{"embeddable":true,"href":"http:\/\/www.rincondelbulla.cl\/portal\/wp-json\/wp\/v2\/media\/12643"}],"wp:attachment":[{"href":"http:\/\/www.rincondelbulla.cl\/portal\/wp-json\/wp\/v2\/media?parent=12683"}],"wp:term":[{"taxonomy":"category","embeddable":true,"href":"http:\/\/www.rincondelbulla.cl\/portal\/wp-json\/wp\/v2\/categories?post=12683"},{"taxonomy":"post_tag","embeddable":true,"href":"http:\/\/www.rincondelbulla.cl\/portal\/wp-json\/wp\/v2\/tags?post=12683"}],"curies":[{"name":"wp","href":"https:\/\/api.w.org\/{rel}","templated":true}]}}