{"id":12698,"date":"2017-09-27T10:55:39","date_gmt":"2017-09-27T13:55:39","guid":{"rendered":"http:\/\/www.rincondelbulla.cl\/portal\/?p=12698"},"modified":"2017-09-27T12:08:34","modified_gmt":"2017-09-27T15:08:34","slug":"curico-el-morning-y-colo-colo-fueron-los-rivales-del-formativo","status":"publish","type":"post","link":"http:\/\/www.rincondelbulla.cl\/portal\/2017\/09\/27\/curico-el-morning-y-colo-colo-fueron-los-rivales-del-formativo\/","title":{"rendered":"Curic\u00f3, el Morning y Colo Colo fueron los rivales del formativo"},"content":{"rendered":"<figure id=\"attachment_12699\" aria-describedby=\"caption-attachment-12699\" style=\"width: 2048px\" class=\"wp-caption aligncenter\"><img loading=\"lazy\" decoding=\"async\" class=\"size-full wp-image-12699\" src=\"http:\/\/www.rincondelbulla.cl\/portal\/wp-content\/uploads\/2017\/09\/Formativo-27-septiembre.jpg\" alt=\"\" width=\"2048\" height=\"1369\" srcset=\"http:\/\/www.rincondelbulla.cl\/portal\/wp-content\/uploads\/2017\/09\/Formativo-27-septiembre.jpg 2048w, http:\/\/www.rincondelbulla.cl\/portal\/wp-content\/uploads\/2017\/09\/Formativo-27-septiembre-300x201.jpg 300w, http:\/\/www.rincondelbulla.cl\/portal\/wp-content\/uploads\/2017\/09\/Formativo-27-septiembre-768x513.jpg 768w, http:\/\/www.rincondelbulla.cl\/portal\/wp-content\/uploads\/2017\/09\/Formativo-27-septiembre-1200x802.jpg 1200w, http:\/\/www.rincondelbulla.cl\/portal\/wp-content\/uploads\/2017\/09\/Formativo-27-septiembre-696x465.jpg 696w, http:\/\/www.rincondelbulla.cl\/portal\/wp-content\/uploads\/2017\/09\/Formativo-27-septiembre-1068x714.jpg 1068w, http:\/\/www.rincondelbulla.cl\/portal\/wp-content\/uploads\/2017\/09\/Formativo-27-septiembre-628x420.jpg 628w\" sizes=\"auto, (max-width: 2048px) 100vw, 2048px\" \/><figcaption id=\"caption-attachment-12699\" class=\"wp-caption-text\">Fotograf\u00eda:\u00a0FutbolJoven U. de Chile<\/figcaption><\/figure>\n<p><strong>Buenos resultados acompa\u00f1aron a nuestros leones en el f\u00fatbol categor\u00edas escuelas ante Colo Colo, infantil ante Santiago Morning y joven ante Curic\u00f3 Unido.<\/strong><\/p>\n<p>En la <strong>categor\u00eda escuelas<\/strong> se jugaron supercl\u00e1sicos, la Sub 8 cay\u00f3 por 4 goles a 6 ante Colo Colo, la Sub 9 empat\u00f3 por 2 goles a 2, mientas que la Sub 10 logr\u00f3 un triunfo con 4 goles a 0. Todos los duelos fueron jugados en La Araucana.<\/p>\n<p>La\u00a0Sub 11\u00a0(7-0),\u00a0Sub 12\u00a0(5-1) y la\u00a0Sub 13\u00a0(6-1), todas ante Santiago Morning en choques que se disputaron tanto de local como visitantes.<\/p>\n<p>Por su parte,\u00a0la categor\u00eda Sub 14 extrem\u00f3 recursos para quedarse con un ajustado triunfo en calidad de forasteros, manteniendo as\u00ed una campa\u00f1a perfecta que los tiene como l\u00edderes registrando siete victorias en lo que va del campeonato.<\/p>\n<p>A esta gran campa\u00f1a se suma tambi\u00e9n el de la Sub 13, que ha logrado seis triunfos en lo que va de certamen. En tanto, las otras dos series azules, que en cambio\u00a0disputan un torneo largo, luchan por los primeros puestos y siguen demostrando fecha a fecha su gran nivel.<\/p>\n<p><u>Resultados Torneo de <strong>F\u00fatbol Infantil<\/strong><\/u><\/p>\n<p>Sub 11 (2\u00b0 lugar)<br \/>\nU. de Chile 7-0 Santiago Morning<br \/>\nGoles: Vicente Lagos (3), Jorge Mart\u00ednez (2), Crist\u00f3bal Escobar y Joaqu\u00edn Rojas<\/p>\n<p>Sub 12 (1\u00b0 lugar)<br \/>\nU. de Chile 5-1 Santiago Morning<br \/>\ngoles: Yahir Salazar, Agust\u00edn Arce, Fernando Osorio, Dami\u00e1n Pizarro (2)<\/p>\n<p>Sub 13 (3\u00b0 lugar)<br \/>\nSantiago Morning 1-6 U. de Chile<br \/>\nGoles: Jorge Sep\u00falveda, Carlos Silva, Cea, Romero y Dami\u00e1n Acevedo (2)<\/p>\n<p>Sub 14\u00a0(1\u00b0 lugar)<br \/>\nSantiago Morning 2-3 U. de Chile<br \/>\nGoles: P\u00e9rez, Parraguez, Renato Cordero.<\/p>\n<p>En la categor\u00edas de <strong>f\u00fatbol joven<\/strong>,\u00a0La Sub 15 Azul volvi\u00f3 a ganar, esta vez derrot\u00f3 a Curic\u00f3 Unido por 3-0 con anotaciones de Sim\u00f3n Contreras, Ra\u00fal Belmar y Agust\u00edn Mart\u00ednez<\/p>\n<p>La Sub 16 derrot\u00f3 a Curic\u00f3 Unido por 4 goles a 3. Anotaron para La U Jos\u00e9 Gatica (2), Ignacio Arqueros y Daniel Benavides.<\/p>\n<p>La Sub 17 Azul gole\u00f3 como visitante 2-4 a Curic\u00f3 Unido. Goles Azules de Benjam\u00edn Sanhueza, Joaqu\u00edn Fenolio (2) y\u00a0<a class=\"profileLink\" href=\"https:\/\/www.facebook.com\/alessandro.rizzolidallaserra?fref=mentions\">Alessandro Rizzoli<\/a>.<\/p>\n<p>Curic\u00f3 Unido y Universidad de Chile Sub 19 igualaron 2-2 por la 4ta fecha del campeonato de Clausura 2017. Los Goles Azules fueron obra de Carlos Villagr\u00e1n y Gabriel\u00a0<a id=\"js_66x\" class=\"profileLink\" href=\"https:\/\/www.facebook.com\/gabo.mazuela?fref=mentions\">Gabo Mazuela.<\/a><\/p>\n<p>Fuente:\u00a0<a href=\"https:\/\/www.facebook.com\/futboljovenU\/\">FutbolJoven U. de Chile<\/a><\/p>\n<p>&nbsp;<\/p>\n<p>&nbsp;<\/p>\n","protected":false},"excerpt":{"rendered":"<p>Buenos resultados acompa\u00f1aron a nuestros leones en el f\u00fatbol categor\u00edas escuelas ante Colo Colo, infantil ante Santiago Morning y joven ante Curic\u00f3 Unido. En la categor\u00eda escuelas se jugaron supercl\u00e1sicos, la Sub 8 cay\u00f3 por 4 goles a 6 ante Colo Colo, la Sub 9 empat\u00f3 por 2 goles a 2, mientas que la Sub [&#8230;]<\/p>\n","protected":false},"author":21398,"featured_media":12699,"comment_status":"closed","ping_status":"open","sticky":false,"template":"","format":"standard","meta":{"footnotes":""},"categories":[18],"tags":[454,1209,502,1116,1090,409,1119,1177,151,156],"class_list":{"0":"post-12698","1":"post","2":"type-post","3":"status-publish","4":"format-standard","5":"has-post-thumbnail","7":"category-actualidad","8":"tag-actualidad","9":"tag-categoria-escuelas","10":"tag-colo-colo","11":"tag-cuadro-magico","12":"tag-curico-unido","13":"tag-futbol-formativo","14":"tag-futbol-infantil","15":"tag-futbol-joven","16":"tag-santiago-morning","17":"tag-universidad-de-chile"},"_links":{"self":[{"href":"http:\/\/www.rincondelbulla.cl\/portal\/wp-json\/wp\/v2\/posts\/12698","targetHints":{"allow":["GET"]}}],"collection":[{"href":"http:\/\/www.rincondelbulla.cl\/portal\/wp-json\/wp\/v2\/posts"}],"about":[{"href":"http:\/\/www.rincondelbulla.cl\/portal\/wp-json\/wp\/v2\/types\/post"}],"author":[{"embeddable":true,"href":"http:\/\/www.rincondelbulla.cl\/portal\/wp-json\/wp\/v2\/users\/21398"}],"replies":[{"embeddable":true,"href":"http:\/\/www.rincondelbulla.cl\/portal\/wp-json\/wp\/v2\/comments?post=12698"}],"version-history":[{"count":1,"href":"http:\/\/www.rincondelbulla.cl\/portal\/wp-json\/wp\/v2\/posts\/12698\/revisions"}],"predecessor-version":[{"id":12700,"href":"http:\/\/www.rincondelbulla.cl\/portal\/wp-json\/wp\/v2\/posts\/12698\/revisions\/12700"}],"wp:featuredmedia":[{"embeddable":true,"href":"http:\/\/www.rincondelbulla.cl\/portal\/wp-json\/wp\/v2\/media\/12699"}],"wp:attachment":[{"href":"http:\/\/www.rincondelbulla.cl\/portal\/wp-json\/wp\/v2\/media?parent=12698"}],"wp:term":[{"taxonomy":"category","embeddable":true,"href":"http:\/\/www.rincondelbulla.cl\/portal\/wp-json\/wp\/v2\/categories?post=12698"},{"taxonomy":"post_tag","embeddable":true,"href":"http:\/\/www.rincondelbulla.cl\/portal\/wp-json\/wp\/v2\/tags?post=12698"}],"curies":[{"name":"wp","href":"https:\/\/api.w.org\/{rel}","templated":true}]}}