{"id":12743,"date":"2017-10-02T20:49:04","date_gmt":"2017-10-02T23:49:04","guid":{"rendered":"http:\/\/www.rincondelbulla.cl\/portal\/?p=12743"},"modified":"2017-10-02T20:49:04","modified_gmt":"2017-10-02T23:49:04","slug":"anfp-rechazo-aplazar-partido-con-san-luis","status":"publish","type":"post","link":"http:\/\/www.rincondelbulla.cl\/portal\/2017\/10\/02\/anfp-rechazo-aplazar-partido-con-san-luis\/","title":{"rendered":"ANFP rechaz\u00f3 aplazar partido con San Luis"},"content":{"rendered":"<figure id=\"attachment_12597\" aria-describedby=\"caption-attachment-12597\" style=\"width: 960px\" class=\"wp-caption alignnone\"><img loading=\"lazy\" decoding=\"async\" class=\"size-full wp-image-12597\" src=\"http:\/\/www.rincondelbulla.cl\/portal\/wp-content\/uploads\/2017\/09\/Equipo.jpg\" alt=\"\" width=\"960\" height=\"640\" srcset=\"http:\/\/www.rincondelbulla.cl\/portal\/wp-content\/uploads\/2017\/09\/Equipo.jpg 960w, http:\/\/www.rincondelbulla.cl\/portal\/wp-content\/uploads\/2017\/09\/Equipo-300x200.jpg 300w, http:\/\/www.rincondelbulla.cl\/portal\/wp-content\/uploads\/2017\/09\/Equipo-768x512.jpg 768w, http:\/\/www.rincondelbulla.cl\/portal\/wp-content\/uploads\/2017\/09\/Equipo-696x464.jpg 696w, http:\/\/www.rincondelbulla.cl\/portal\/wp-content\/uploads\/2017\/09\/Equipo-630x420.jpg 630w\" sizes=\"auto, (max-width: 960px) 100vw, 960px\" \/><figcaption id=\"caption-attachment-12597\" class=\"wp-caption-text\">Foto: Agencia Uno<\/figcaption><\/figure>\n<p><strong>Pese a los esfuerzos de Azul Azul, el ente rector del f\u00fatbol\u00a0chileno les cerr\u00f3 la puerta en la cara.<\/strong><!--more--><\/p>\n<p>Los azules apelaron a la instancia por contar con cuatro seleccionados menos para este vital encuentro de vuelta por los cuartos de final de por Copa Chile MTS 2017.<\/p>\n<p>Desde el CDA esperaban que la ANFP pudiera tener un gesto, como ya lo hab\u00eda hecho con otros equipos, y permitir que Johnny Herrera, Gonzalo Jara, Jean Beausejour y Mauricio Pinilla estuvieran a disposici\u00f3n del t\u00e9cnico Guillermo Hoyos.<\/p>\n<p>Sin embargo desde Quil\u00edn solo se escuch\u00f3 una negativa por lo que la programaci\u00f3n se mantendr\u00e1 inalterable.<\/p>\n<p>La \u201cU\u201d y los canarios se ver\u00e1n las caras el pr\u00f3ximo lunes 9 de octubre, a las 17:00 hrs., en el Estadio Nacional. Los azules llegan con la ventaja de un triunfo por 1-0 conseguido en Quillota.<\/p>\n","protected":false},"excerpt":{"rendered":"<p>Pese a los esfuerzos de Azul Azul, el ente rector del f\u00fatbol\u00a0chileno les cerr\u00f3 la puerta en la cara.<\/p>\n","protected":false},"author":21382,"featured_media":12201,"comment_status":"closed","ping_status":"open","sticky":false,"template":"","format":"standard","meta":{"footnotes":""},"categories":[18],"tags":[454,385,1094,531,1006,821,41,631,157,452,294,156],"class_list":{"0":"post-12743","1":"post","2":"type-post","3":"status-publish","4":"format-standard","5":"has-post-thumbnail","7":"category-actualidad","8":"tag-actualidad","9":"tag-anfp","10":"tag-copa-chile-mts-2017","11":"tag-gonzalo-jara","12":"tag-guillermo-hoyos","13":"tag-jean-beausejour","14":"tag-johnny-herrera","15":"tag-mauricio-pinilla","16":"tag-portada","17":"tag-san-luis-de-quillota","18":"tag-u-de-chile","19":"tag-universidad-de-chile"},"_links":{"self":[{"href":"http:\/\/www.rincondelbulla.cl\/portal\/wp-json\/wp\/v2\/posts\/12743","targetHints":{"allow":["GET"]}}],"collection":[{"href":"http:\/\/www.rincondelbulla.cl\/portal\/wp-json\/wp\/v2\/posts"}],"about":[{"href":"http:\/\/www.rincondelbulla.cl\/portal\/wp-json\/wp\/v2\/types\/post"}],"author":[{"embeddable":true,"href":"http:\/\/www.rincondelbulla.cl\/portal\/wp-json\/wp\/v2\/users\/21382"}],"replies":[{"embeddable":true,"href":"http:\/\/www.rincondelbulla.cl\/portal\/wp-json\/wp\/v2\/comments?post=12743"}],"version-history":[{"count":1,"href":"http:\/\/www.rincondelbulla.cl\/portal\/wp-json\/wp\/v2\/posts\/12743\/revisions"}],"predecessor-version":[{"id":12744,"href":"http:\/\/www.rincondelbulla.cl\/portal\/wp-json\/wp\/v2\/posts\/12743\/revisions\/12744"}],"wp:featuredmedia":[{"embeddable":true,"href":"http:\/\/www.rincondelbulla.cl\/portal\/wp-json\/wp\/v2\/media\/12201"}],"wp:attachment":[{"href":"http:\/\/www.rincondelbulla.cl\/portal\/wp-json\/wp\/v2\/media?parent=12743"}],"wp:term":[{"taxonomy":"category","embeddable":true,"href":"http:\/\/www.rincondelbulla.cl\/portal\/wp-json\/wp\/v2\/categories?post=12743"},{"taxonomy":"post_tag","embeddable":true,"href":"http:\/\/www.rincondelbulla.cl\/portal\/wp-json\/wp\/v2\/tags?post=12743"}],"curies":[{"name":"wp","href":"https:\/\/api.w.org\/{rel}","templated":true}]}}