{"id":12753,"date":"2017-10-04T10:08:07","date_gmt":"2017-10-04T13:08:07","guid":{"rendered":"http:\/\/www.rincondelbulla.cl\/portal\/?p=12753"},"modified":"2017-10-04T10:08:07","modified_gmt":"2017-10-04T13:08:07","slug":"y-el-estadio","status":"publish","type":"post","link":"http:\/\/www.rincondelbulla.cl\/portal\/2017\/10\/04\/y-el-estadio\/","title":{"rendered":"\u00bfY el estadio?"},"content":{"rendered":"<p><img loading=\"lazy\" decoding=\"async\" class=\"aligncenter wp-image-12755\" src=\"http:\/\/www.rincondelbulla.cl\/portal\/wp-content\/uploads\/2017\/10\/Estadio-de-la-U1.jpg\" alt=\"\" width=\"843\" height=\"514\" srcset=\"http:\/\/www.rincondelbulla.cl\/portal\/wp-content\/uploads\/2017\/10\/Estadio-de-la-U1.jpg 616w, http:\/\/www.rincondelbulla.cl\/portal\/wp-content\/uploads\/2017\/10\/Estadio-de-la-U1-300x183.jpg 300w\" sizes=\"auto, (max-width: 843px) 100vw, 843px\" \/><\/p>\n<p><strong>Entre los buenos y regulares momentos que vive nuestro cuadro m\u00e1gico, siempre de parte de los hinchas surge esa pregunta, \u00bfY el estadio?<\/strong><\/p>\n<p>Hace algunos d\u00edas caduc\u00f3 la opci\u00f3n de compraventa del terreno en La Pintana para el estadio de la \u00abU\u00bb y <a href=\"https:\/\/twitter.com\/gvillafranca\"><strong>Gustavo Villafranca<\/strong><\/a>, reconocido historiador y comentarista azul, realiz\u00f3 una gran reflexi\u00f3n en el <strong>Mostrador,<\/strong> respecto a todo lo que ha sido el sue\u00f1o azul en este \u00faltimo tiempo.<\/p>\n<p>El 10 de diciembre de 2014, a trav\u00e9s de un hecho esencial comunicado a la Superintendencia de Valores y Seguros, Azul Azul S.A inform\u00f3 que \u201ccon fecha 30 de septiembre de 2014, se suscribi\u00f3 un contrato de opci\u00f3n de compraventa sobre un terreno en la Comuna de La Pintana (\u2026) de aproximadamente UF 112.000; el plazo de ejercicio de la opci\u00f3n es de 3 a\u00f1os.\u201d Es decir, cuando Universidad de Chile salga al campo de Santa Laura para enfrentar a Uni\u00f3n Espa\u00f1ola, este s\u00e1bado, terminar\u00e1 la \u00faltima promesa concreta del estadio de la \u201cU\u201d, pues finalizar\u00e1 el convenio para adquirir dicho terreno.<\/p>\n<p>Los tres presidentes que ha tenido Azul Azul se han caracterizado por generar ilusiones respecto a una cancha para la \u201cU\u201d, partiendo por Federico Vald\u00e9s, quien el 2009 anunci\u00f3 que \u201cmi sue\u00f1o es construir un estadio dentro de cinco a\u00f1os.<\/p>\n<p>El plazo que nos hemos puesto para tenerlo es en 2014.\u201d Cuatro a\u00f1os m\u00e1s tarde, fue su sucesor Jos\u00e9 Yuraszeck quien dir\u00eda \u201cpara el estadio ya tenemos ahorrados unos 10 millones de d\u00f3lares.\u201d Finalmente, lo del actual presidente Carlos Heller fue mucho m\u00e1s bomb\u00e1stico, pues adem\u00e1s de una medi\u00e1tica conferencia de prensa con el rector de la Casa de Bello, para el complejo en Laguna Car\u00e9n, se\u00f1alar\u00eda que \u201cDejar\u00e9 la presidencia con un estadio para el Club\u201d.<\/p>\n<div class=\"news-quote alignleft extracto-destaque\">\n<blockquote><p>\u00abAzul Azul ha cometido una gran irresponsabilidad respecto al manejo comunicacional del tema del estadio de la \u201cU\u201d, pues ha jugado con la ilusi\u00f3n m\u00e1s noble que tiene todo ser humano: el sue\u00f1o de la casa propia\u00bb.<\/p><\/blockquote>\n<\/div>\n<p>Dado que el tiempo pasa y no se ve ning\u00fan avance sobre el proyecto, desde la concesionaria se ha argumentado que ninguna comuna de Santiago quiere un estadio para la \u201cU\u201d. Sin embargo, varios equipos han seguido construyendo sus escenarios en las principales ciudades del mundo, lo que convierte la tesis de la dirigencia azul en algo inveros\u00edmil: Corinthians concret\u00f3 su recinto el 2014 en Sao Paulo; Pe\u00f1arol el a\u00f1o pasado en Montevideo, tras menos de dos a\u00f1os de obras; el Atl\u00e9tico de Madrid hace unos d\u00edas inaugur\u00f3 otro campo en la capital espa\u00f1ola; y Estudiantes de La Plata tendr\u00e1 su nueva cancha el a\u00f1o entrante.<\/p>\n<p>Azul Azul ha cometido una gran irresponsabilidad respecto al manejo comunicacional del tema del estadio de la \u201cU\u201d, pues ha jugado con la ilusi\u00f3n m\u00e1s noble que tiene todo ser humano: el sue\u00f1o de la casa propia. Es hora que Carlos Heller termine con la nebulosa respecto a este tema y de informaci\u00f3n ver\u00eddica sobre qu\u00e9 pas\u00f3 con la opci\u00f3n de compraventa en La Pintana.<\/p>\n<p>Si el proyecto del coliseo para el cuadro universitario fracas\u00f3, es momento de un acto de humildad, de pedir disculpas y por qu\u00e9 no, dar un paso al costado para que gente realmente capacitada se encargue de concretar un sue\u00f1o que no debe dormirse nunca.<\/p>\n<p><strong>Revista Forbes<\/strong><\/p>\n<p>La Revista Forbes, uno de los medios de econom\u00eda m\u00e1s importantes del mundo,\u00a0elabor\u00f3 un r\u00e1nking con los 50 equipos de f\u00fatbol m\u00e1s valiosos de Am\u00e9rica.<\/p>\n<p>En la lista aparecen Universidad\u00a0 Cat\u00f3lica y Colo Colo, pero no la Universidad de Chile.\u00a0\u00bfEl motivo? Para acceder a la calificaci\u00f3n, deb\u00edan cumplir ser valorados en tres puntos: jugadores, marca y estadio propio.<\/p>\n<p>Los azules no fueron considerados en el r\u00e1nking por\u00a0no tener estadio y jugar de local en el Estadio Nacional de \u00d1u\u00f1oa,\u00a0recinto estatal por el cual paga arriendo y donde hace de local la selecci\u00f3n chilena.<\/p>\n","protected":false},"excerpt":{"rendered":"<p>Entre los buenos y regulares momentos que vive nuestro cuadro m\u00e1gico, siempre de parte de los hinchas surge esa pregunta, \u00bfY el estadio? Hace algunos d\u00edas caduc\u00f3 la opci\u00f3n de compraventa del terreno en La Pintana para el estadio de la \u00abU\u00bb y Gustavo Villafranca, reconocido historiador y comentarista azul, realiz\u00f3 una gran reflexi\u00f3n en [&#8230;]<\/p>\n","protected":false},"author":21398,"featured_media":12754,"comment_status":"closed","ping_status":"open","sticky":false,"template":"","format":"standard","meta":{"footnotes":""},"categories":[18],"tags":[454,174,969,142,214,156],"class_list":{"0":"post-12753","1":"post","2":"type-post","3":"status-publish","4":"format-standard","5":"has-post-thumbnail","7":"category-actualidad","8":"tag-actualidad","9":"tag-azul-azul","10":"tag-estadio-azul","11":"tag-estadio-de-la-u","12":"tag-la-u","13":"tag-universidad-de-chile"},"_links":{"self":[{"href":"http:\/\/www.rincondelbulla.cl\/portal\/wp-json\/wp\/v2\/posts\/12753","targetHints":{"allow":["GET"]}}],"collection":[{"href":"http:\/\/www.rincondelbulla.cl\/portal\/wp-json\/wp\/v2\/posts"}],"about":[{"href":"http:\/\/www.rincondelbulla.cl\/portal\/wp-json\/wp\/v2\/types\/post"}],"author":[{"embeddable":true,"href":"http:\/\/www.rincondelbulla.cl\/portal\/wp-json\/wp\/v2\/users\/21398"}],"replies":[{"embeddable":true,"href":"http:\/\/www.rincondelbulla.cl\/portal\/wp-json\/wp\/v2\/comments?post=12753"}],"version-history":[{"count":3,"href":"http:\/\/www.rincondelbulla.cl\/portal\/wp-json\/wp\/v2\/posts\/12753\/revisions"}],"predecessor-version":[{"id":12759,"href":"http:\/\/www.rincondelbulla.cl\/portal\/wp-json\/wp\/v2\/posts\/12753\/revisions\/12759"}],"wp:featuredmedia":[{"embeddable":true,"href":"http:\/\/www.rincondelbulla.cl\/portal\/wp-json\/wp\/v2\/media\/12754"}],"wp:attachment":[{"href":"http:\/\/www.rincondelbulla.cl\/portal\/wp-json\/wp\/v2\/media?parent=12753"}],"wp:term":[{"taxonomy":"category","embeddable":true,"href":"http:\/\/www.rincondelbulla.cl\/portal\/wp-json\/wp\/v2\/categories?post=12753"},{"taxonomy":"post_tag","embeddable":true,"href":"http:\/\/www.rincondelbulla.cl\/portal\/wp-json\/wp\/v2\/tags?post=12753"}],"curies":[{"name":"wp","href":"https:\/\/api.w.org\/{rel}","templated":true}]}}