{"id":12777,"date":"2017-10-09T22:42:04","date_gmt":"2017-10-10T01:42:04","guid":{"rendered":"http:\/\/www.rincondelbulla.cl\/portal\/?p=12777"},"modified":"2017-10-09T22:42:04","modified_gmt":"2017-10-10T01:42:04","slug":"hoyos-y-otro-empate-mas-la-clasificacion-nunca-estuvo-en-riesgo","status":"publish","type":"post","link":"http:\/\/www.rincondelbulla.cl\/portal\/2017\/10\/09\/hoyos-y-otro-empate-mas-la-clasificacion-nunca-estuvo-en-riesgo\/","title":{"rendered":"Hoyos y otro empate m\u00e1s: \u00abLa clasificaci\u00f3n nunca estuvo en riesgo\u00bb"},"content":{"rendered":"<p><img loading=\"lazy\" decoding=\"async\" class=\"aligncenter size-full wp-image-11790\" src=\"http:\/\/www.rincondelbulla.cl\/portal\/wp-content\/uploads\/2017\/07\/Hoyos-Conferencia-Nacional.jpg\" alt=\"\" width=\"1244\" height=\"700\" srcset=\"http:\/\/www.rincondelbulla.cl\/portal\/wp-content\/uploads\/2017\/07\/Hoyos-Conferencia-Nacional.jpg 1244w, http:\/\/www.rincondelbulla.cl\/portal\/wp-content\/uploads\/2017\/07\/Hoyos-Conferencia-Nacional-300x169.jpg 300w, http:\/\/www.rincondelbulla.cl\/portal\/wp-content\/uploads\/2017\/07\/Hoyos-Conferencia-Nacional-768x432.jpg 768w, http:\/\/www.rincondelbulla.cl\/portal\/wp-content\/uploads\/2017\/07\/Hoyos-Conferencia-Nacional-1200x675.jpg 1200w, http:\/\/www.rincondelbulla.cl\/portal\/wp-content\/uploads\/2017\/07\/Hoyos-Conferencia-Nacional-696x392.jpg 696w, http:\/\/www.rincondelbulla.cl\/portal\/wp-content\/uploads\/2017\/07\/Hoyos-Conferencia-Nacional-1068x601.jpg 1068w, http:\/\/www.rincondelbulla.cl\/portal\/wp-content\/uploads\/2017\/07\/Hoyos-Conferencia-Nacional-746x420.jpg 746w\" sizes=\"auto, (max-width: 1244px) 100vw, 1244px\" \/><\/p>\n<p><strong>El partido estaba ganado y era una fiesta en el Nacional, pero comenz\u00f3 el segundo tiempo y Guillermo Hoyos, hizo cambios para defender el resultado: No le result\u00f3.<\/strong><\/p>\n<p>\u00abSi pienso en los cinco minutos \u00faltimos, estamos siendo destructivos y no constructivos. Antes hubo una progresi\u00f3n excelente del equipo. Creo que fue una buena actuaci\u00f3n. Lo malo del final no borra lo bien que jug\u00f3 el equipo.\u00a0Era una clasificaci\u00f3n muy dif\u00edcil y siento que fuimos justos vencedores\u00bb, comenz\u00f3 diciendo el estratego ante la critica generalizada por el resultado del partido.<\/p>\n<p>\u00abNunca se puso en riesgo la clasificaci\u00f3n, fuimos merecedores del triunfo y con otros resultados en ambos partidos\u00bb, agreg\u00f3.<\/p>\n<p>Pero, \u00bfPor qu\u00e9 los cambios, si el cuadro m\u00e1gico estaba jugando bien?<\/p>\n<p>\u00abSaqu\u00e9 a Ubilla y Guerra porque estaban saturados. Modificamos con Arancibia ah\u00ed y a Ubilla lo saqu\u00e9 tambi\u00e9n para no sobrecargarlo, por eso entr\u00f3 Seymour para el mediocampo\u00bb.<\/p>\n<p>Pero, no todo es malo, Ubilla y Guerra, hoy tuvieron la chance de marcar goles, sobretodo por Guerra, qui\u00e9n ha sido muy alabado por Hoyos:\u00a0\u00abPersonalmente destaco lo mostrado por Guerra. Es un chico de un futuro enorme, de primer nivel y de equipos internacionales. Hoy lo demostr\u00f3 frente a San Luis, por eso lo inclu\u00ed en el equipo.<\/p>\n<p>Hasta que volvi\u00f3 Zacar\u00eda, jug\u00f3 un poco m\u00e1s de 45 minutos:\u00a0\u00abJonathan viene de un tiempo parado y es un premio a su recuperaci\u00f3n. Le faltan minutos y creo que hizo un partido correcto\u00bb<\/p>\n<p>Finalmente, consultado sobre el duelo de La Roja ante Brasil, el DT cerr\u00f3 diciendo que: \u00abSer\u00e1 una jornada muy intensa para todos. Pueden haber resultados que pueden favorecer o desfavorecer a Chile, que tiene un equipo b\u00e1rbaro. Habr\u00e1 muchas intensidades emocionales. Estamos hablando se selecciones muy grandes\u00bb.<\/p>\n","protected":false},"excerpt":{"rendered":"<p>El partido estaba ganado y era una fiesta en el Nacional, pero comenz\u00f3 el segundo tiempo y Guillermo Hoyos, hizo cambios para defender el resultado: No le result\u00f3. \u00abSi pienso en los cinco minutos \u00faltimos, estamos siendo destructivos y no constructivos. Antes hubo una progresi\u00f3n excelente del equipo. Creo que fue una buena actuaci\u00f3n. Lo [&#8230;]<\/p>\n","protected":false},"author":21395,"featured_media":12481,"comment_status":"closed","ping_status":"open","sticky":false,"template":"","format":"standard","meta":{"footnotes":""},"categories":[18],"tags":[454,154,1116,1006,987,1173,230,1161,452,156],"class_list":{"0":"post-12777","1":"post","2":"type-post","3":"status-publish","4":"format-standard","5":"has-post-thumbnail","7":"category-actualidad","8":"tag-actualidad","9":"tag-copa-chile","10":"tag-cuadro-magico","11":"tag-guillermo-hoyos","12":"tag-jonathan-zacaria","13":"tag-kun","14":"tag-la-roja","15":"tag-nicolas-guerra","16":"tag-san-luis-de-quillota","17":"tag-universidad-de-chile"},"_links":{"self":[{"href":"http:\/\/www.rincondelbulla.cl\/portal\/wp-json\/wp\/v2\/posts\/12777","targetHints":{"allow":["GET"]}}],"collection":[{"href":"http:\/\/www.rincondelbulla.cl\/portal\/wp-json\/wp\/v2\/posts"}],"about":[{"href":"http:\/\/www.rincondelbulla.cl\/portal\/wp-json\/wp\/v2\/types\/post"}],"author":[{"embeddable":true,"href":"http:\/\/www.rincondelbulla.cl\/portal\/wp-json\/wp\/v2\/users\/21395"}],"replies":[{"embeddable":true,"href":"http:\/\/www.rincondelbulla.cl\/portal\/wp-json\/wp\/v2\/comments?post=12777"}],"version-history":[{"count":1,"href":"http:\/\/www.rincondelbulla.cl\/portal\/wp-json\/wp\/v2\/posts\/12777\/revisions"}],"predecessor-version":[{"id":12778,"href":"http:\/\/www.rincondelbulla.cl\/portal\/wp-json\/wp\/v2\/posts\/12777\/revisions\/12778"}],"wp:featuredmedia":[{"embeddable":true,"href":"http:\/\/www.rincondelbulla.cl\/portal\/wp-json\/wp\/v2\/media\/12481"}],"wp:attachment":[{"href":"http:\/\/www.rincondelbulla.cl\/portal\/wp-json\/wp\/v2\/media?parent=12777"}],"wp:term":[{"taxonomy":"category","embeddable":true,"href":"http:\/\/www.rincondelbulla.cl\/portal\/wp-json\/wp\/v2\/categories?post=12777"},{"taxonomy":"post_tag","embeddable":true,"href":"http:\/\/www.rincondelbulla.cl\/portal\/wp-json\/wp\/v2\/tags?post=12777"}],"curies":[{"name":"wp","href":"https:\/\/api.w.org\/{rel}","templated":true}]}}