{"id":12786,"date":"2017-10-11T21:12:08","date_gmt":"2017-10-12T00:12:08","guid":{"rendered":"http:\/\/www.rincondelbulla.cl\/portal\/?p=12786"},"modified":"2017-10-11T21:12:18","modified_gmt":"2017-10-12T00:12:18","slug":"el-duende-no-estara-ante-antofagasta","status":"publish","type":"post","link":"http:\/\/www.rincondelbulla.cl\/portal\/2017\/10\/11\/el-duende-no-estara-ante-antofagasta\/","title":{"rendered":"El Duende no estar\u00e1 ante Antofagasta"},"content":{"rendered":"<p><img loading=\"lazy\" decoding=\"async\" class=\"aligncenter size-full wp-image-12789\" src=\"http:\/\/www.rincondelbulla.cl\/portal\/wp-content\/uploads\/2017\/10\/Lorenzetti-lesionado-1.jpg\" alt=\"\" width=\"900\" height=\"600\" srcset=\"http:\/\/www.rincondelbulla.cl\/portal\/wp-content\/uploads\/2017\/10\/Lorenzetti-lesionado-1.jpg 900w, http:\/\/www.rincondelbulla.cl\/portal\/wp-content\/uploads\/2017\/10\/Lorenzetti-lesionado-1-300x200.jpg 300w, http:\/\/www.rincondelbulla.cl\/portal\/wp-content\/uploads\/2017\/10\/Lorenzetti-lesionado-1-768x512.jpg 768w, http:\/\/www.rincondelbulla.cl\/portal\/wp-content\/uploads\/2017\/10\/Lorenzetti-lesionado-1-696x464.jpg 696w, http:\/\/www.rincondelbulla.cl\/portal\/wp-content\/uploads\/2017\/10\/Lorenzetti-lesionado-1-630x420.jpg 630w\" sizes=\"auto, (max-width: 900px) 100vw, 900px\" \/><\/p>\n<p><strong>Gustavo Lorenzetti confirm\u00f3 esta tarde que no estar\u00e1 en el duelo ante Deportes Antofagasta de este fin de semana por el Transici\u00f3n.<\/strong><\/p>\n<p>El volante sali\u00f3 con muchos dolores del duelo ante los canarios, y el pasado martes se hizo ex\u00e1menes que detectaron una torcedura de rodilla, aunque el mismo jugador no confirma del todo de que trata la dolencia porque espera el parte m\u00e9dico.<\/p>\n<figure id=\"attachment_12787\" aria-describedby=\"caption-attachment-12787\" style=\"width: 1280px\" class=\"wp-caption aligncenter\"><img loading=\"lazy\" decoding=\"async\" class=\"wp-image-12787 size-full\" src=\"http:\/\/www.rincondelbulla.cl\/portal\/wp-content\/uploads\/2017\/10\/Lesi\u00f3n.jpg\" alt=\"\" width=\"1280\" height=\"720\" srcset=\"http:\/\/www.rincondelbulla.cl\/portal\/wp-content\/uploads\/2017\/10\/Lesi\u00f3n.jpg 1280w, http:\/\/www.rincondelbulla.cl\/portal\/wp-content\/uploads\/2017\/10\/Lesi\u00f3n-300x169.jpg 300w, http:\/\/www.rincondelbulla.cl\/portal\/wp-content\/uploads\/2017\/10\/Lesi\u00f3n-768x432.jpg 768w, http:\/\/www.rincondelbulla.cl\/portal\/wp-content\/uploads\/2017\/10\/Lesi\u00f3n-1200x675.jpg 1200w, http:\/\/www.rincondelbulla.cl\/portal\/wp-content\/uploads\/2017\/10\/Lesi\u00f3n-696x392.jpg 696w, http:\/\/www.rincondelbulla.cl\/portal\/wp-content\/uploads\/2017\/10\/Lesi\u00f3n-1068x601.jpg 1068w, http:\/\/www.rincondelbulla.cl\/portal\/wp-content\/uploads\/2017\/10\/Lesi\u00f3n-747x420.jpg 747w\" sizes=\"auto, (max-width: 1280px) 100vw, 1280px\" \/><figcaption id=\"caption-attachment-12787\" class=\"wp-caption-text\">Este es el momento exacto de la lesi\u00f3n nos cuenta el jugador al Rinc\u00f3n del Bulla enviando est\u00e1 imagen<\/figcaption><\/figure>\n<p>A la lesi\u00f3n de Lorenzetti, se suma, la de Mauricio Pinilla, qui\u00e9n estando concentrado con La Roja, tambi\u00e9n tuvo complicaciones f\u00edsicas, adem\u00e1s de recordar que Leandro Benegas sigue en recuperaci\u00f3n en el cuadro m\u00e1gico.<\/p>\n<p>\u00bfQue har\u00e1 el profe Hoyos para el duelo ante los Pumas?<\/p>\n","protected":false},"excerpt":{"rendered":"<p>Gustavo Lorenzetti confirm\u00f3 esta tarde que no estar\u00e1 en el duelo ante Deportes Antofagasta de este fin de semana por el Transici\u00f3n. El volante sali\u00f3 con muchos dolores del duelo ante los canarios, y el pasado martes se hizo ex\u00e1menes que detectaron una torcedura de rodilla, aunque el mismo jugador no confirma del todo de [&#8230;]<\/p>\n","protected":false},"author":21395,"featured_media":12789,"comment_status":"closed","ping_status":"open","sticky":false,"template":"","format":"standard","meta":{"footnotes":""},"categories":[18],"tags":[454,365,1116,78,630,1227,156],"class_list":{"0":"post-12786","1":"post","2":"type-post","3":"status-publish","4":"format-standard","5":"has-post-thumbnail","7":"category-actualidad","8":"tag-actualidad","9":"tag-antofagasta","10":"tag-cuadro-magico","11":"tag-gustavo-lorenzetti","12":"tag-lesion","13":"tag-torneo-de-transicion","14":"tag-universidad-de-chile"},"_links":{"self":[{"href":"http:\/\/www.rincondelbulla.cl\/portal\/wp-json\/wp\/v2\/posts\/12786","targetHints":{"allow":["GET"]}}],"collection":[{"href":"http:\/\/www.rincondelbulla.cl\/portal\/wp-json\/wp\/v2\/posts"}],"about":[{"href":"http:\/\/www.rincondelbulla.cl\/portal\/wp-json\/wp\/v2\/types\/post"}],"author":[{"embeddable":true,"href":"http:\/\/www.rincondelbulla.cl\/portal\/wp-json\/wp\/v2\/users\/21395"}],"replies":[{"embeddable":true,"href":"http:\/\/www.rincondelbulla.cl\/portal\/wp-json\/wp\/v2\/comments?post=12786"}],"version-history":[{"count":2,"href":"http:\/\/www.rincondelbulla.cl\/portal\/wp-json\/wp\/v2\/posts\/12786\/revisions"}],"predecessor-version":[{"id":12791,"href":"http:\/\/www.rincondelbulla.cl\/portal\/wp-json\/wp\/v2\/posts\/12786\/revisions\/12791"}],"wp:featuredmedia":[{"embeddable":true,"href":"http:\/\/www.rincondelbulla.cl\/portal\/wp-json\/wp\/v2\/media\/12789"}],"wp:attachment":[{"href":"http:\/\/www.rincondelbulla.cl\/portal\/wp-json\/wp\/v2\/media?parent=12786"}],"wp:term":[{"taxonomy":"category","embeddable":true,"href":"http:\/\/www.rincondelbulla.cl\/portal\/wp-json\/wp\/v2\/categories?post=12786"},{"taxonomy":"post_tag","embeddable":true,"href":"http:\/\/www.rincondelbulla.cl\/portal\/wp-json\/wp\/v2\/tags?post=12786"}],"curies":[{"name":"wp","href":"https:\/\/api.w.org\/{rel}","templated":true}]}}