{"id":12807,"date":"2017-10-12T22:19:45","date_gmt":"2017-10-13T01:19:45","guid":{"rendered":"http:\/\/www.rincondelbulla.cl\/portal\/?p=12807"},"modified":"2017-10-12T22:19:45","modified_gmt":"2017-10-13T01:19:45","slug":"zacaria-y-lesionados-ante-antofagasta-tenemos-otros-companeros-que-tambien-quieren-jugar","status":"publish","type":"post","link":"http:\/\/www.rincondelbulla.cl\/portal\/2017\/10\/12\/zacaria-y-lesionados-ante-antofagasta-tenemos-otros-companeros-que-tambien-quieren-jugar\/","title":{"rendered":"Zacar\u00eda y lesionados ante Antofagasta: \u00abTenemos otros compa\u00f1eros que tambi\u00e9n quieren jugar\u00bb"},"content":{"rendered":"<p><img loading=\"lazy\" decoding=\"async\" class=\"aligncenter size-full wp-image-12808\" src=\"http:\/\/www.rincondelbulla.cl\/portal\/wp-content\/uploads\/2017\/10\/Zacar\u00eda-CDA-Octubre.jpg\" alt=\"\" width=\"1244\" height=\"700\" srcset=\"http:\/\/www.rincondelbulla.cl\/portal\/wp-content\/uploads\/2017\/10\/Zacar\u00eda-CDA-Octubre.jpg 1244w, http:\/\/www.rincondelbulla.cl\/portal\/wp-content\/uploads\/2017\/10\/Zacar\u00eda-CDA-Octubre-300x169.jpg 300w, http:\/\/www.rincondelbulla.cl\/portal\/wp-content\/uploads\/2017\/10\/Zacar\u00eda-CDA-Octubre-768x432.jpg 768w, http:\/\/www.rincondelbulla.cl\/portal\/wp-content\/uploads\/2017\/10\/Zacar\u00eda-CDA-Octubre-1200x675.jpg 1200w, http:\/\/www.rincondelbulla.cl\/portal\/wp-content\/uploads\/2017\/10\/Zacar\u00eda-CDA-Octubre-696x392.jpg 696w, http:\/\/www.rincondelbulla.cl\/portal\/wp-content\/uploads\/2017\/10\/Zacar\u00eda-CDA-Octubre-1068x601.jpg 1068w, http:\/\/www.rincondelbulla.cl\/portal\/wp-content\/uploads\/2017\/10\/Zacar\u00eda-CDA-Octubre-746x420.jpg 746w\" sizes=\"auto, (max-width: 1244px) 100vw, 1244px\" \/><\/p>\n<p><strong>El cuadro m\u00e1gico se prepara para seguir en la pelea por el t\u00edtulo, tras el entrenamiento de esta jornada Jonathan Zacar\u00eda convers\u00f3 con los medios de esta aspiraci\u00f3n.<\/strong><\/p>\n<p>Zacar\u00eda tambi\u00e9n con el nuevo gorro de la U, sali\u00f3 a comentar las bajas que tiene la U para este fin de semana: Pinilla, D\u00edaz y Lorenzetti.<\/p>\n<p>\u00abEs lamentable que no podamos contar con ellos ya que son sumamente trascendentales para el equipo y lo ven\u00edan haciendo muy bien en las \u00faltimas fechas, pero de igual forma el grupo est\u00e1 compacto y mentalizado en sacar los tres puntos que nos pongan de nuevo en carrera por el t\u00edtulo, tenemos otros compa\u00f1eros que tambi\u00e9n quieren jugar\u00bb.<\/p>\n<p>Adem\u00e1s el jugador reconoce que ya est\u00e1 a punto para volver a jugar 90 minutos de juego: \u00abEl entrenador es quien toma las decisiones\u00bb.<\/p>\n<p>Sobre Antofagasta, rival que enfrentar\u00e1n tres veces durante estos d\u00edas tanto por el Transici\u00f3n como por Copa Chile, agreg\u00f3 que:\u00a0\u00abSer\u00e1n partidos dif\u00edciles, es un equipo duro que juega bien al f\u00fatbol. Debemos estar mentalizados todo el partido, sabiendo que nos jugamos el campeonato\u00bb.<\/p>\n<p>Finalmente dijo: \u00abSi queremos pelear ambos torneos debemos estar concentrados\u00bb.<\/p>\n","protected":false},"excerpt":{"rendered":"<p>El cuadro m\u00e1gico se prepara para seguir en la pelea por el t\u00edtulo, tras el entrenamiento de esta jornada Jonathan Zacar\u00eda convers\u00f3 con los medios de esta aspiraci\u00f3n. Zacar\u00eda tambi\u00e9n con el nuevo gorro de la U, sali\u00f3 a comentar las bajas que tiene la U para este fin de semana: Pinilla, D\u00edaz y Lorenzetti. [&#8230;]<\/p>\n","protected":false},"author":21395,"featured_media":12808,"comment_status":"closed","ping_status":"open","sticky":false,"template":"","format":"standard","meta":{"footnotes":""},"categories":[18],"tags":[454,365,1116,987,1227,156],"class_list":{"0":"post-12807","1":"post","2":"type-post","3":"status-publish","4":"format-standard","5":"has-post-thumbnail","7":"category-actualidad","8":"tag-actualidad","9":"tag-antofagasta","10":"tag-cuadro-magico","11":"tag-jonathan-zacaria","12":"tag-torneo-de-transicion","13":"tag-universidad-de-chile"},"_links":{"self":[{"href":"http:\/\/www.rincondelbulla.cl\/portal\/wp-json\/wp\/v2\/posts\/12807","targetHints":{"allow":["GET"]}}],"collection":[{"href":"http:\/\/www.rincondelbulla.cl\/portal\/wp-json\/wp\/v2\/posts"}],"about":[{"href":"http:\/\/www.rincondelbulla.cl\/portal\/wp-json\/wp\/v2\/types\/post"}],"author":[{"embeddable":true,"href":"http:\/\/www.rincondelbulla.cl\/portal\/wp-json\/wp\/v2\/users\/21395"}],"replies":[{"embeddable":true,"href":"http:\/\/www.rincondelbulla.cl\/portal\/wp-json\/wp\/v2\/comments?post=12807"}],"version-history":[{"count":1,"href":"http:\/\/www.rincondelbulla.cl\/portal\/wp-json\/wp\/v2\/posts\/12807\/revisions"}],"predecessor-version":[{"id":12809,"href":"http:\/\/www.rincondelbulla.cl\/portal\/wp-json\/wp\/v2\/posts\/12807\/revisions\/12809"}],"wp:featuredmedia":[{"embeddable":true,"href":"http:\/\/www.rincondelbulla.cl\/portal\/wp-json\/wp\/v2\/media\/12808"}],"wp:attachment":[{"href":"http:\/\/www.rincondelbulla.cl\/portal\/wp-json\/wp\/v2\/media?parent=12807"}],"wp:term":[{"taxonomy":"category","embeddable":true,"href":"http:\/\/www.rincondelbulla.cl\/portal\/wp-json\/wp\/v2\/categories?post=12807"},{"taxonomy":"post_tag","embeddable":true,"href":"http:\/\/www.rincondelbulla.cl\/portal\/wp-json\/wp\/v2\/tags?post=12807"}],"curies":[{"name":"wp","href":"https:\/\/api.w.org\/{rel}","templated":true}]}}