{"id":12811,"date":"2017-10-13T16:39:10","date_gmt":"2017-10-13T19:39:10","guid":{"rendered":"http:\/\/www.rincondelbulla.cl\/portal\/?p=12811"},"modified":"2017-10-13T16:39:10","modified_gmt":"2017-10-13T19:39:10","slug":"vilches-si-pizarro-no-la-conferencia-del-profe-hoyos","status":"publish","type":"post","link":"http:\/\/www.rincondelbulla.cl\/portal\/2017\/10\/13\/vilches-si-pizarro-no-la-conferencia-del-profe-hoyos\/","title":{"rendered":"Vilches s\u00ed, Pizarro no: La conferencia del profe Hoyos"},"content":{"rendered":"<figure id=\"attachment_12812\" aria-describedby=\"caption-attachment-12812\" style=\"width: 1028px\" class=\"wp-caption aligncenter\"><img loading=\"lazy\" decoding=\"async\" class=\"size-full wp-image-12812\" src=\"http:\/\/www.rincondelbulla.cl\/portal\/wp-content\/uploads\/2017\/10\/Hoyos-CDA-Octubre.jpg\" alt=\"\" width=\"1028\" height=\"700\" srcset=\"http:\/\/www.rincondelbulla.cl\/portal\/wp-content\/uploads\/2017\/10\/Hoyos-CDA-Octubre.jpg 1028w, http:\/\/www.rincondelbulla.cl\/portal\/wp-content\/uploads\/2017\/10\/Hoyos-CDA-Octubre-300x204.jpg 300w, http:\/\/www.rincondelbulla.cl\/portal\/wp-content\/uploads\/2017\/10\/Hoyos-CDA-Octubre-768x523.jpg 768w, http:\/\/www.rincondelbulla.cl\/portal\/wp-content\/uploads\/2017\/10\/Hoyos-CDA-Octubre-696x474.jpg 696w, http:\/\/www.rincondelbulla.cl\/portal\/wp-content\/uploads\/2017\/10\/Hoyos-CDA-Octubre-617x420.jpg 617w\" sizes=\"auto, (max-width: 1028px) 100vw, 1028px\" \/><figcaption id=\"caption-attachment-12812\" class=\"wp-caption-text\">13 DE OCTUBRE 2017\/SANTIAGO.<br \/>Angel Guillermo Hoyos Director Tecnico de Universidad de Chile, atiende a los medios de cara al Supercl\u00e1sico del futbol Chileno, en el Centro Deportivo Azul.<br \/>FOTO: CRISTOBAL ESCOBAR\/AGENCIAUNO<\/figcaption><\/figure>\n<p><strong>Guillermo Hoyos, inform\u00f3 este viernes que David Pizarro no ser\u00e1 considerado para el compromiso con Deportes Antofagasta.<\/strong><\/p>\n<p>El \u2018Fantasista\u2019 estaba en duda para el cruce ante los \u2018Pumas\u2019, seg\u00fan fuentes que indicaron al Rinc\u00f3n del Bulla, y hoy el t\u00e9cnico confirm\u00f3 que se quedar\u00e1 en Santiago. Su vuelta a las canchas est\u00e1 programada para el pr\u00f3ximo mi\u00e9rcoles por Copa Chile.<\/p>\n<p>Por su parte, Vilches que ayer entren\u00f3 diferenciado, si estar\u00e1 en el duelo ante el Cuadro Puma ma\u00f1ana.<\/p>\n<p>\u00abEnfrentaremos de la mejor manera posible el duelo ante Antofagasta y los que siguen, que ser\u00e1n partidos vibrantes. Lo de David es una peque\u00f1a distensi\u00f3n de ligamento en una de sus rodillas. No hay que arriesgarlo, porque tenemos muchos partidos seguidos, pero no es algo de mucha preocupaci\u00f3n\u00bb, indic\u00f3 el DT.<\/p>\n<p>Otra baja sensible para la visita al subl\u00edder en el \u2018Calvo y Bascu\u00f1\u00e1n\u2019 es Mauricio Pinilla, actual goleador de la \u2018U\u2019 con cinco tantos. \u00abQuiz\u00e1s llega para el partido del mi\u00e9rcoles (18)\u201d, apunt\u00f3 Hoyos.<\/p>\n<p>Consultado por si los azules estar\u00e1n en la lucha por el t\u00edtulo del campeonato, hoy son sextos con 12 -a seis del l\u00edder Uni\u00f3n Espa\u00f1ola-, declar\u00f3 que \u00abest\u00e1 ocurriendo lo que dijimos al principio. No hay partido f\u00e1cil y se ha visto. La liga chilena es competitiva porque muchos equipos participan y compiten por el campeonato. Otros no lo ver\u00e1n tan competitiva porque los grandes deben marcar diferencias, pero si fuese as\u00ed, solo ser\u00eda un torneo de dos clubes\u00bb.<\/p>\n<p>Por otro lado, Hoyos no dramatiz\u00f3 a la hora de manejar el estado an\u00edmico de los seleccionados nacionales de su escuadra luego de no poder clasificar al Mundial de Rusia.<\/p>\n<p>\u00abFue una competencia muy cerrada y es muy dif\u00edcil, donde nadie tiene asegurado algo. Deben tratar de pasar r\u00e1pido la p\u00e1gina, pero hemos tratado de cobijarlos y darles las m\u00e1ximas energ\u00edas para dejar eso atr\u00e1s\u00bb, dijo.<\/p>\n","protected":false},"excerpt":{"rendered":"<p>Guillermo Hoyos, inform\u00f3 este viernes que David Pizarro no ser\u00e1 considerado para el compromiso con Deportes Antofagasta. El \u2018Fantasista\u2019 estaba en duda para el cruce ante los \u2018Pumas\u2019, seg\u00fan fuentes que indicaron al Rinc\u00f3n del Bulla, y hoy el t\u00e9cnico confirm\u00f3 que se quedar\u00e1 en Santiago. Su vuelta a las canchas est\u00e1 programada para el [&#8230;]<\/p>\n","protected":false},"author":21395,"featured_media":12812,"comment_status":"closed","ping_status":"open","sticky":false,"template":"","format":"standard","meta":{"footnotes":""},"categories":[18],"tags":[454,365,818,1116,111,1006,156],"class_list":{"0":"post-12811","1":"post","2":"type-post","3":"status-publish","4":"format-standard","5":"has-post-thumbnail","7":"category-actualidad","8":"tag-actualidad","9":"tag-antofagasta","10":"tag-christian-vilches","11":"tag-cuadro-magico","12":"tag-david-pizarro","13":"tag-guillermo-hoyos","14":"tag-universidad-de-chile"},"_links":{"self":[{"href":"http:\/\/www.rincondelbulla.cl\/portal\/wp-json\/wp\/v2\/posts\/12811","targetHints":{"allow":["GET"]}}],"collection":[{"href":"http:\/\/www.rincondelbulla.cl\/portal\/wp-json\/wp\/v2\/posts"}],"about":[{"href":"http:\/\/www.rincondelbulla.cl\/portal\/wp-json\/wp\/v2\/types\/post"}],"author":[{"embeddable":true,"href":"http:\/\/www.rincondelbulla.cl\/portal\/wp-json\/wp\/v2\/users\/21395"}],"replies":[{"embeddable":true,"href":"http:\/\/www.rincondelbulla.cl\/portal\/wp-json\/wp\/v2\/comments?post=12811"}],"version-history":[{"count":1,"href":"http:\/\/www.rincondelbulla.cl\/portal\/wp-json\/wp\/v2\/posts\/12811\/revisions"}],"predecessor-version":[{"id":12813,"href":"http:\/\/www.rincondelbulla.cl\/portal\/wp-json\/wp\/v2\/posts\/12811\/revisions\/12813"}],"wp:featuredmedia":[{"embeddable":true,"href":"http:\/\/www.rincondelbulla.cl\/portal\/wp-json\/wp\/v2\/media\/12812"}],"wp:attachment":[{"href":"http:\/\/www.rincondelbulla.cl\/portal\/wp-json\/wp\/v2\/media?parent=12811"}],"wp:term":[{"taxonomy":"category","embeddable":true,"href":"http:\/\/www.rincondelbulla.cl\/portal\/wp-json\/wp\/v2\/categories?post=12811"},{"taxonomy":"post_tag","embeddable":true,"href":"http:\/\/www.rincondelbulla.cl\/portal\/wp-json\/wp\/v2\/tags?post=12811"}],"curies":[{"name":"wp","href":"https:\/\/api.w.org\/{rel}","templated":true}]}}