{"id":12820,"date":"2017-10-14T20:02:03","date_gmt":"2017-10-14T23:02:03","guid":{"rendered":"http:\/\/www.rincondelbulla.cl\/portal\/?p=12820"},"modified":"2017-10-14T20:13:43","modified_gmt":"2017-10-14T23:13:43","slug":"seguimos-peleando-arriba","status":"publish","type":"post","link":"http:\/\/www.rincondelbulla.cl\/portal\/2017\/10\/14\/seguimos-peleando-arriba\/","title":{"rendered":"Seguimos peleando arriba"},"content":{"rendered":"<figure id=\"attachment_12822\" aria-describedby=\"caption-attachment-12822\" style=\"width: 640px\" class=\"wp-caption alignnone\"><img loading=\"lazy\" decoding=\"async\" class=\"wp-image-12822 size-full\" src=\"http:\/\/www.rincondelbulla.cl\/portal\/wp-content\/uploads\/2017\/10\/IMG-20171014-WA0021.jpg\" alt=\"\" width=\"640\" height=\"427\" srcset=\"http:\/\/www.rincondelbulla.cl\/portal\/wp-content\/uploads\/2017\/10\/IMG-20171014-WA0021.jpg 640w, http:\/\/www.rincondelbulla.cl\/portal\/wp-content\/uploads\/2017\/10\/IMG-20171014-WA0021-300x200.jpg 300w, http:\/\/www.rincondelbulla.cl\/portal\/wp-content\/uploads\/2017\/10\/IMG-20171014-WA0021-630x420.jpg 630w\" sizes=\"auto, (max-width: 640px) 100vw, 640px\" \/><figcaption id=\"caption-attachment-12822\" class=\"wp-caption-text\">Foto: Photosport<\/figcaption><\/figure>\n<p><strong>Los azules consiguieron una importante victoria en la segunda regi\u00f3n, que les permite seguir luchando en la parte alta del campeonato.<\/strong><!--more--><\/p>\n<p>En los primeros minutos, la \u00abU\u00bb tuvo control del juego cre\u00e1ndose oportunidades de anotar, siendo la m\u00e1s clara un tiro libre de Jonathan Zacar\u00eda, que golpe\u00f3 el horizontal pero no quiso ingresar.<\/p>\n<p>Pero en el minuto 12, el grito ahogado pudo explotar. Certera habilitaci\u00f3n del propio Zacar\u00eda para Sebasti\u00e1n Ubilla, qui\u00e9n con un zapatazo dej\u00f3 sin opci\u00f3n al meta Paulo Garc\u00e9s, abriendo la cuenta.<\/p>\n<p>El segundo tiempo mostr\u00f3 una mayor presi\u00f3n del equipo local, que logr\u00f3 complicar y meter en campo propio a los universitarios.<\/p>\n<p>Pese a ello, en el minuto 67 en medio de los ataques Pumas, el juvenil Nicol\u00e1s Guerra puso una pelota profunda a Ubilla, quien alcanza a tocarla antes de la salida de Garc\u00e9s que le comete infracci\u00f3n en el \u00e1rea, pero el impulso de la pelota sigui\u00f3 su trayectoria al interior del arco, sentenciando la segunda conquista azul y del \u00abConejo\u00bb en el encuentro.<\/p>\n<p>En los 82, tras falta penal de Jean Beausejour, Johnny Herrera sigue agrandando su legado en el club de sus amores y le contuvo el lanzamiento a Luis Valenzuela.<\/p>\n<p>Importante triunfo 2-0 del cuadro de Guillermo Hoyos, que mantiene vivas sus ilusiones de luchar por el t\u00edtulo en este campeonato.<\/p>\n<p>Ambos equipos se volver\u00e1n a ver las caras este mi\u00e9rcoles 18 de octubre, desde las 21:00 hrs. en el Estadio Nacional, en el partido de ida por las semifinales de Copa Chile MTS 2017.<\/p>\n<p>Por el Torneo de Transici\u00f3n 2017, la \u00abU\u00bb recibir\u00e1 a Palestino el pr\u00f3ximo fin de semana en \u00d1u\u00f1oa.<\/p>\n","protected":false},"excerpt":{"rendered":"<p>Los azules consiguieron una importante victoria en la segunda regi\u00f3n, que les permite seguir luchando en la parte alta del campeonato.<\/p>\n","protected":false},"author":21382,"featured_media":12822,"comment_status":"closed","ping_status":"open","sticky":false,"template":"","format":"standard","meta":{"footnotes":""},"categories":[18],"tags":[454,1094,1239,1006,821,41,987,1161,457,157,118,1092,294,156],"class_list":{"0":"post-12820","1":"post","2":"type-post","3":"status-publish","4":"format-standard","5":"has-post-thumbnail","7":"category-actualidad","8":"tag-actualidad","9":"tag-copa-chile-mts-2017","10":"tag-deportes-antofagasta","11":"tag-guillermo-hoyos","12":"tag-jean-beausejour","13":"tag-johnny-herrera","14":"tag-jonathan-zacaria","15":"tag-nicolas-guerra","16":"tag-palestino","17":"tag-portada","18":"tag-sebastian-ubilla","19":"tag-torneo-transicion-2017","20":"tag-u-de-chile","21":"tag-universidad-de-chile"},"_links":{"self":[{"href":"http:\/\/www.rincondelbulla.cl\/portal\/wp-json\/wp\/v2\/posts\/12820","targetHints":{"allow":["GET"]}}],"collection":[{"href":"http:\/\/www.rincondelbulla.cl\/portal\/wp-json\/wp\/v2\/posts"}],"about":[{"href":"http:\/\/www.rincondelbulla.cl\/portal\/wp-json\/wp\/v2\/types\/post"}],"author":[{"embeddable":true,"href":"http:\/\/www.rincondelbulla.cl\/portal\/wp-json\/wp\/v2\/users\/21382"}],"replies":[{"embeddable":true,"href":"http:\/\/www.rincondelbulla.cl\/portal\/wp-json\/wp\/v2\/comments?post=12820"}],"version-history":[{"count":5,"href":"http:\/\/www.rincondelbulla.cl\/portal\/wp-json\/wp\/v2\/posts\/12820\/revisions"}],"predecessor-version":[{"id":12826,"href":"http:\/\/www.rincondelbulla.cl\/portal\/wp-json\/wp\/v2\/posts\/12820\/revisions\/12826"}],"wp:featuredmedia":[{"embeddable":true,"href":"http:\/\/www.rincondelbulla.cl\/portal\/wp-json\/wp\/v2\/media\/12822"}],"wp:attachment":[{"href":"http:\/\/www.rincondelbulla.cl\/portal\/wp-json\/wp\/v2\/media?parent=12820"}],"wp:term":[{"taxonomy":"category","embeddable":true,"href":"http:\/\/www.rincondelbulla.cl\/portal\/wp-json\/wp\/v2\/categories?post=12820"},{"taxonomy":"post_tag","embeddable":true,"href":"http:\/\/www.rincondelbulla.cl\/portal\/wp-json\/wp\/v2\/tags?post=12820"}],"curies":[{"name":"wp","href":"https:\/\/api.w.org\/{rel}","templated":true}]}}