{"id":12827,"date":"2017-10-14T23:40:29","date_gmt":"2017-10-15T02:40:29","guid":{"rendered":"http:\/\/www.rincondelbulla.cl\/portal\/?p=12827"},"modified":"2017-10-14T23:41:17","modified_gmt":"2017-10-15T02:41:17","slug":"hoyos-y-rol-de-ubilla-hoy-seba-esta-obteniendo-lo-que-merece-dios-nunca-abandona","status":"publish","type":"post","link":"http:\/\/www.rincondelbulla.cl\/portal\/2017\/10\/14\/hoyos-y-rol-de-ubilla-hoy-seba-esta-obteniendo-lo-que-merece-dios-nunca-abandona\/","title":{"rendered":"Hoyos y rol de Ubilla hoy: \u00abSeba est\u00e1 obteniendo lo que merece, Dios nunca abandona\u00bb"},"content":{"rendered":"<p><img loading=\"lazy\" decoding=\"async\" class=\"aligncenter size-full wp-image-12828\" src=\"http:\/\/www.rincondelbulla.cl\/portal\/wp-content\/uploads\/2017\/10\/Conferencia-Hoyos-Post-Antofagasta.jpg\" alt=\"\" width=\"1047\" height=\"700\" srcset=\"http:\/\/www.rincondelbulla.cl\/portal\/wp-content\/uploads\/2017\/10\/Conferencia-Hoyos-Post-Antofagasta.jpg 1047w, http:\/\/www.rincondelbulla.cl\/portal\/wp-content\/uploads\/2017\/10\/Conferencia-Hoyos-Post-Antofagasta-300x201.jpg 300w, http:\/\/www.rincondelbulla.cl\/portal\/wp-content\/uploads\/2017\/10\/Conferencia-Hoyos-Post-Antofagasta-768x513.jpg 768w, http:\/\/www.rincondelbulla.cl\/portal\/wp-content\/uploads\/2017\/10\/Conferencia-Hoyos-Post-Antofagasta-696x465.jpg 696w, http:\/\/www.rincondelbulla.cl\/portal\/wp-content\/uploads\/2017\/10\/Conferencia-Hoyos-Post-Antofagasta-628x420.jpg 628w\" sizes=\"auto, (max-width: 1047px) 100vw, 1047px\" \/><\/p>\n<p><strong>Guillermo Hoyos, asegur\u00f3 este s\u00e1bado que la victoria por 2-0 sobre Deportes Antofagasta en el norte sit\u00faa al cuadro azul en la lucha por el t\u00edtulo del Torneo de Transici\u00f3n, a falta de seis partidos para el final.\u00a0<\/strong><\/p>\n<p>El cuadro m\u00e1gico impidi\u00f3 hoy que los \u2018Pumas\u2019 quedaran como \u00fanicos l\u00edderes del campeonato y trep\u00f3 del s\u00e9ptimo al quinto lugar con 15 puntos, a tres del puntero Uni\u00f3n Espa\u00f1ola.<\/p>\n<p>A la hora de analizar la brega en la Perla del Norte, Hoyos declar\u00f3 que \u00abes un campeonato muy apretado, ganar tres puntos es dif\u00edcil y de visitante a\u00fan m\u00e1s. Esto refleja lo que es el campeonato en s\u00ed\u201d.<\/p>\n<p>\u201cEs un triunfo muy importante y nos pone en camino. Hay que caminar y despu\u00e9s correr. Intentamos hacer las cosas lo mejor posible y nos vamos muy satisfechos\u00bb, agreg\u00f3,<\/p>\n<p>Incluso, el estratego destac\u00f3 la respuesta de sus pupilos en el campo pese a contar con las sensibles bajas del delantero Mauricio Pinilla, el goleador de la \u2018U\u2019 en el torneo, y el volante Gustavo Lorenzetti.<\/p>\n<p>\u00abLos jugadores hoy lo hicieron bien. Hoy triunf\u00f3 una familia, la armon\u00eda y el compa\u00f1erismo. El f\u00fatbol se desarrolla y crece con la relaci\u00f3n, y despu\u00e9s con el talento de cada uno\u00bb.<\/p>\n<p>Finalmente, sobre el goleador de esta jornada y figura del partido, Sebasti\u00e1n Ubilla, destac\u00f3 que: \u00abSeba est\u00e1 obteniendo lo que merece, Dios nunca abandona\u00bb.<\/p>\n","protected":false},"excerpt":{"rendered":"<p>Guillermo Hoyos, asegur\u00f3 este s\u00e1bado que la victoria por 2-0 sobre Deportes Antofagasta en el norte sit\u00faa al cuadro azul en la lucha por el t\u00edtulo del Torneo de Transici\u00f3n, a falta de seis partidos para el final.\u00a0 El cuadro m\u00e1gico impidi\u00f3 hoy que los \u2018Pumas\u2019 quedaran como \u00fanicos l\u00edderes del campeonato y trep\u00f3 del [&#8230;]<\/p>\n","protected":false},"author":21395,"featured_media":12828,"comment_status":"closed","ping_status":"open","sticky":false,"template":"","format":"standard","meta":{"footnotes":""},"categories":[18],"tags":[454,365,1116,1006,118,1227,156],"class_list":{"0":"post-12827","1":"post","2":"type-post","3":"status-publish","4":"format-standard","5":"has-post-thumbnail","7":"category-actualidad","8":"tag-actualidad","9":"tag-antofagasta","10":"tag-cuadro-magico","11":"tag-guillermo-hoyos","12":"tag-sebastian-ubilla","13":"tag-torneo-de-transicion","14":"tag-universidad-de-chile"},"_links":{"self":[{"href":"http:\/\/www.rincondelbulla.cl\/portal\/wp-json\/wp\/v2\/posts\/12827","targetHints":{"allow":["GET"]}}],"collection":[{"href":"http:\/\/www.rincondelbulla.cl\/portal\/wp-json\/wp\/v2\/posts"}],"about":[{"href":"http:\/\/www.rincondelbulla.cl\/portal\/wp-json\/wp\/v2\/types\/post"}],"author":[{"embeddable":true,"href":"http:\/\/www.rincondelbulla.cl\/portal\/wp-json\/wp\/v2\/users\/21395"}],"replies":[{"embeddable":true,"href":"http:\/\/www.rincondelbulla.cl\/portal\/wp-json\/wp\/v2\/comments?post=12827"}],"version-history":[{"count":1,"href":"http:\/\/www.rincondelbulla.cl\/portal\/wp-json\/wp\/v2\/posts\/12827\/revisions"}],"predecessor-version":[{"id":12829,"href":"http:\/\/www.rincondelbulla.cl\/portal\/wp-json\/wp\/v2\/posts\/12827\/revisions\/12829"}],"wp:featuredmedia":[{"embeddable":true,"href":"http:\/\/www.rincondelbulla.cl\/portal\/wp-json\/wp\/v2\/media\/12828"}],"wp:attachment":[{"href":"http:\/\/www.rincondelbulla.cl\/portal\/wp-json\/wp\/v2\/media?parent=12827"}],"wp:term":[{"taxonomy":"category","embeddable":true,"href":"http:\/\/www.rincondelbulla.cl\/portal\/wp-json\/wp\/v2\/categories?post=12827"},{"taxonomy":"post_tag","embeddable":true,"href":"http:\/\/www.rincondelbulla.cl\/portal\/wp-json\/wp\/v2\/tags?post=12827"}],"curies":[{"name":"wp","href":"https:\/\/api.w.org\/{rel}","templated":true}]}}