{"id":12842,"date":"2017-10-16T16:38:16","date_gmt":"2017-10-16T19:38:16","guid":{"rendered":"http:\/\/www.rincondelbulla.cl\/portal\/?p=12842"},"modified":"2017-10-16T16:38:16","modified_gmt":"2017-10-16T19:38:16","slug":"otro-mas-al-hospital-azul-gonzalo-jara-es-baja","status":"publish","type":"post","link":"http:\/\/www.rincondelbulla.cl\/portal\/2017\/10\/16\/otro-mas-al-hospital-azul-gonzalo-jara-es-baja\/","title":{"rendered":"Otro m\u00e1s al hospital azul: Gonzalo Jara es baja"},"content":{"rendered":"<p><img loading=\"lazy\" decoding=\"async\" class=\"aligncenter size-full wp-image-12844\" src=\"http:\/\/www.rincondelbulla.cl\/portal\/wp-content\/uploads\/2017\/10\/Jara-lesionado.jpg\" alt=\"\" width=\"1200\" height=\"600\" srcset=\"http:\/\/www.rincondelbulla.cl\/portal\/wp-content\/uploads\/2017\/10\/Jara-lesionado.jpg 1200w, http:\/\/www.rincondelbulla.cl\/portal\/wp-content\/uploads\/2017\/10\/Jara-lesionado-300x150.jpg 300w, http:\/\/www.rincondelbulla.cl\/portal\/wp-content\/uploads\/2017\/10\/Jara-lesionado-768x384.jpg 768w, http:\/\/www.rincondelbulla.cl\/portal\/wp-content\/uploads\/2017\/10\/Jara-lesionado-696x348.jpg 696w, http:\/\/www.rincondelbulla.cl\/portal\/wp-content\/uploads\/2017\/10\/Jara-lesionado-1068x534.jpg 1068w, http:\/\/www.rincondelbulla.cl\/portal\/wp-content\/uploads\/2017\/10\/Jara-lesionado-840x420.jpg 840w\" sizes=\"auto, (max-width: 1200px) 100vw, 1200px\" \/><\/p>\n<p><strong>El partido con Antofagasta en el norte, ya ten\u00eda a todos con preocupaci\u00f3n ante las bajas con las que lleg\u00f3 el cuadro m\u00e1gico, ahora se le suma una m\u00e1s.<\/strong><\/p>\n<p>Gonzalo Jara, no estar\u00e1 en el duelo ante el cuadro Puma por Copa Chile de este mi\u00e9rcoles, debido a una lesi\u00f3n que le hizo pedir cambio de inmediato en el Calvo y Bascu\u00f1\u00e1n.<\/p>\n<p>\u00bfY que pas\u00f3 con el defensa azul?<\/p>\n<p>Se resinti\u00f3 de una antigua lesi\u00f3n en el partido contra los pumas el s\u00e1bado pasado, donde el diagn\u00f3stico definitivo fue la\u00a0inflamaci\u00f3n de la cicatriz de un desgarro previo en uno de sus isquiotibiales.<\/p>\n<p>Ahora solo queda ver si estar\u00e1 para el duelo ante Palestino del fin de semana o si es algo de mayor cuidado.<\/p>\n<p>Los que s\u00ed podr\u00edan estar en el duelo de mitad de semana ser\u00edan Mauricio Pinilla e Isaac D\u00edaz, quienes han evolucionado bien de sus dolencias musculares.<\/p>\n<p>\u00bfC\u00f3mo nos vendr\u00e1 esta seguidilla de partidos?<\/p>\n<p>\u00a1Se viene el Cl\u00e1sico!<\/p>\n","protected":false},"excerpt":{"rendered":"<p>El partido con Antofagasta en el norte, ya ten\u00eda a todos con preocupaci\u00f3n ante las bajas con las que lleg\u00f3 el cuadro m\u00e1gico, ahora se le suma una m\u00e1s. Gonzalo Jara, no estar\u00e1 en el duelo ante el cuadro Puma por Copa Chile de este mi\u00e9rcoles, debido a una lesi\u00f3n que le hizo pedir cambio [&#8230;]<\/p>\n","protected":false},"author":21395,"featured_media":12843,"comment_status":"closed","ping_status":"open","sticky":false,"template":"","format":"standard","meta":{"footnotes":""},"categories":[18],"tags":[365,154,1116,531,217,262,631,1227,156],"class_list":{"0":"post-12842","1":"post","2":"type-post","3":"status-publish","4":"format-standard","5":"has-post-thumbnail","7":"category-actualidad","8":"tag-antofagasta","9":"tag-copa-chile","10":"tag-cuadro-magico","11":"tag-gonzalo-jara","12":"tag-isaac-diaz","13":"tag-lesionados","14":"tag-mauricio-pinilla","15":"tag-torneo-de-transicion","16":"tag-universidad-de-chile"},"_links":{"self":[{"href":"http:\/\/www.rincondelbulla.cl\/portal\/wp-json\/wp\/v2\/posts\/12842","targetHints":{"allow":["GET"]}}],"collection":[{"href":"http:\/\/www.rincondelbulla.cl\/portal\/wp-json\/wp\/v2\/posts"}],"about":[{"href":"http:\/\/www.rincondelbulla.cl\/portal\/wp-json\/wp\/v2\/types\/post"}],"author":[{"embeddable":true,"href":"http:\/\/www.rincondelbulla.cl\/portal\/wp-json\/wp\/v2\/users\/21395"}],"replies":[{"embeddable":true,"href":"http:\/\/www.rincondelbulla.cl\/portal\/wp-json\/wp\/v2\/comments?post=12842"}],"version-history":[{"count":1,"href":"http:\/\/www.rincondelbulla.cl\/portal\/wp-json\/wp\/v2\/posts\/12842\/revisions"}],"predecessor-version":[{"id":12845,"href":"http:\/\/www.rincondelbulla.cl\/portal\/wp-json\/wp\/v2\/posts\/12842\/revisions\/12845"}],"wp:featuredmedia":[{"embeddable":true,"href":"http:\/\/www.rincondelbulla.cl\/portal\/wp-json\/wp\/v2\/media\/12843"}],"wp:attachment":[{"href":"http:\/\/www.rincondelbulla.cl\/portal\/wp-json\/wp\/v2\/media?parent=12842"}],"wp:term":[{"taxonomy":"category","embeddable":true,"href":"http:\/\/www.rincondelbulla.cl\/portal\/wp-json\/wp\/v2\/categories?post=12842"},{"taxonomy":"post_tag","embeddable":true,"href":"http:\/\/www.rincondelbulla.cl\/portal\/wp-json\/wp\/v2\/tags?post=12842"}],"curies":[{"name":"wp","href":"https:\/\/api.w.org\/{rel}","templated":true}]}}