{"id":12846,"date":"2017-10-17T12:18:01","date_gmt":"2017-10-17T15:18:01","guid":{"rendered":"http:\/\/www.rincondelbulla.cl\/portal\/?p=12846"},"modified":"2017-10-17T12:18:01","modified_gmt":"2017-10-17T15:18:01","slug":"lo-vio-y-se-hizo-el-leso","status":"publish","type":"post","link":"http:\/\/www.rincondelbulla.cl\/portal\/2017\/10\/17\/lo-vio-y-se-hizo-el-leso\/","title":{"rendered":"\u00bfLo vio y se hizo el leso?"},"content":{"rendered":"<p><img loading=\"lazy\" decoding=\"async\" class=\"aligncenter size-full wp-image-12847\" src=\"http:\/\/www.rincondelbulla.cl\/portal\/wp-content\/uploads\/2017\/10\/Felipe-Gonz\u00e1lez.jpg\" alt=\"\" width=\"900\" height=\"600\" srcset=\"http:\/\/www.rincondelbulla.cl\/portal\/wp-content\/uploads\/2017\/10\/Felipe-Gonz\u00e1lez.jpg 900w, http:\/\/www.rincondelbulla.cl\/portal\/wp-content\/uploads\/2017\/10\/Felipe-Gonz\u00e1lez-300x200.jpg 300w, http:\/\/www.rincondelbulla.cl\/portal\/wp-content\/uploads\/2017\/10\/Felipe-Gonz\u00e1lez-768x512.jpg 768w, http:\/\/www.rincondelbulla.cl\/portal\/wp-content\/uploads\/2017\/10\/Felipe-Gonz\u00e1lez-696x464.jpg 696w, http:\/\/www.rincondelbulla.cl\/portal\/wp-content\/uploads\/2017\/10\/Felipe-Gonz\u00e1lez-630x420.jpg 630w\" sizes=\"auto, (max-width: 900px) 100vw, 900px\" \/><\/p>\n<p><strong>El \u00e1rbitro del duelo del este s\u00e1bado ante Antofagasta, reconoci\u00f3 ver la jugada en que Bruno Romo lesiona a Fabi\u00e1n Monz\u00f3n y no consignarla.<\/strong><\/p>\n<p>\u00abNo me percat\u00e9 de la gravedad de la infracci\u00f3n\u00bb, reconoci\u00f3 el juez, Felipe Gonz\u00e1lez a \u00abEl Mercurio\u00bb. Y revive la jugada. \u00abMonz\u00f3n despej\u00f3 y yo segu\u00ed el bal\u00f3n. Ah\u00ed vi una carga y la sancion\u00e9. Me acerqu\u00e9 al jugador para ver si necesitaba atenci\u00f3n y no me respondi\u00f3. Mir\u00e9 el reloj y vi que est\u00e1bamos en la hora\u00bb, cuenta.<\/p>\n<p><img loading=\"lazy\" decoding=\"async\" class=\"alignleft size-medium wp-image-12831\" src=\"http:\/\/www.rincondelbulla.cl\/portal\/wp-content\/uploads\/2017\/10\/Monz\u00f3n-herida-300x153.jpg\" alt=\"\" width=\"300\" height=\"153\" srcset=\"http:\/\/www.rincondelbulla.cl\/portal\/wp-content\/uploads\/2017\/10\/Monz\u00f3n-herida-300x153.jpg 300w, http:\/\/www.rincondelbulla.cl\/portal\/wp-content\/uploads\/2017\/10\/Monz\u00f3n-herida-768x392.jpg 768w, http:\/\/www.rincondelbulla.cl\/portal\/wp-content\/uploads\/2017\/10\/Monz\u00f3n-herida-1200x612.jpg 1200w, http:\/\/www.rincondelbulla.cl\/portal\/wp-content\/uploads\/2017\/10\/Monz\u00f3n-herida-696x355.jpg 696w, http:\/\/www.rincondelbulla.cl\/portal\/wp-content\/uploads\/2017\/10\/Monz\u00f3n-herida-1068x545.jpg 1068w, http:\/\/www.rincondelbulla.cl\/portal\/wp-content\/uploads\/2017\/10\/Monz\u00f3n-herida-824x420.jpg 824w, http:\/\/www.rincondelbulla.cl\/portal\/wp-content\/uploads\/2017\/10\/Monz\u00f3n-herida.jpg 1373w\" sizes=\"auto, (max-width: 300px) 100vw, 300px\" \/>\u00abMe acerqu\u00e9 nuevamente a Monz\u00f3n, \u00e9l gir\u00f3 la cara y lo vi con sangre. Cuando se par\u00f3, tuve la claridad de que hubo algo, pero como vi al jugador con la cara llena de sangre no pude ver d\u00f3nde estaba el corte: no sab\u00eda si era en la cabeza, si fue un cabezazo entre ambos o un codazo. No tuve la claridad para definir qu\u00e9 hab\u00eda pasado; de lo contrario, expulso a Romo altiro. Las im\u00e1genes son elocuentes, yo tuve que haber revisado al jugador antes de terminar el partido, porque hab\u00eda tiempo. Mi error fue no ser m\u00e1s prolijo, porque hubo una agresi\u00f3n que debi\u00f3 haber sido sancionada con tarjeta roja\u00bb.<\/p>\n<p>El cuadro m\u00e1gico por su parte apelar\u00e1 al tribunal de la ANFP por esta situaci\u00f3n para que actu\u00e9 de ofici\u00f3. De todos modos Bruno Romo ofreci\u00f3 disculpas a Monz\u00f3n por esta situaci\u00f3n ocurrida en el partido.<\/p>\n","protected":false},"excerpt":{"rendered":"<p>El \u00e1rbitro del duelo del este s\u00e1bado ante Antofagasta, reconoci\u00f3 ver la jugada en que Bruno Romo lesiona a Fabi\u00e1n Monz\u00f3n y no consignarla. \u00abNo me percat\u00e9 de la gravedad de la infracci\u00f3n\u00bb, reconoci\u00f3 el juez, Felipe Gonz\u00e1lez a \u00abEl Mercurio\u00bb. Y revive la jugada. \u00abMonz\u00f3n despej\u00f3 y yo segu\u00ed el bal\u00f3n. Ah\u00ed vi una [&#8230;]<\/p>\n","protected":false},"author":21395,"featured_media":12847,"comment_status":"closed","ping_status":"open","sticky":false,"template":"","format":"standard","meta":{"footnotes":""},"categories":[18],"tags":[454,385,365,885,1248,1116,555,1250,156],"class_list":{"0":"post-12846","1":"post","2":"type-post","3":"status-publish","4":"format-standard","5":"has-post-thumbnail","7":"category-actualidad","8":"tag-actualidad","9":"tag-anfp","10":"tag-antofagasta","11":"tag-arbitro","12":"tag-bruno-romo","13":"tag-cuadro-magico","14":"tag-fabian-monzon","15":"tag-felipe-gonzalez","16":"tag-universidad-de-chile"},"_links":{"self":[{"href":"http:\/\/www.rincondelbulla.cl\/portal\/wp-json\/wp\/v2\/posts\/12846","targetHints":{"allow":["GET"]}}],"collection":[{"href":"http:\/\/www.rincondelbulla.cl\/portal\/wp-json\/wp\/v2\/posts"}],"about":[{"href":"http:\/\/www.rincondelbulla.cl\/portal\/wp-json\/wp\/v2\/types\/post"}],"author":[{"embeddable":true,"href":"http:\/\/www.rincondelbulla.cl\/portal\/wp-json\/wp\/v2\/users\/21395"}],"replies":[{"embeddable":true,"href":"http:\/\/www.rincondelbulla.cl\/portal\/wp-json\/wp\/v2\/comments?post=12846"}],"version-history":[{"count":1,"href":"http:\/\/www.rincondelbulla.cl\/portal\/wp-json\/wp\/v2\/posts\/12846\/revisions"}],"predecessor-version":[{"id":12848,"href":"http:\/\/www.rincondelbulla.cl\/portal\/wp-json\/wp\/v2\/posts\/12846\/revisions\/12848"}],"wp:featuredmedia":[{"embeddable":true,"href":"http:\/\/www.rincondelbulla.cl\/portal\/wp-json\/wp\/v2\/media\/12847"}],"wp:attachment":[{"href":"http:\/\/www.rincondelbulla.cl\/portal\/wp-json\/wp\/v2\/media?parent=12846"}],"wp:term":[{"taxonomy":"category","embeddable":true,"href":"http:\/\/www.rincondelbulla.cl\/portal\/wp-json\/wp\/v2\/categories?post=12846"},{"taxonomy":"post_tag","embeddable":true,"href":"http:\/\/www.rincondelbulla.cl\/portal\/wp-json\/wp\/v2\/tags?post=12846"}],"curies":[{"name":"wp","href":"https:\/\/api.w.org\/{rel}","templated":true}]}}