{"id":12849,"date":"2017-10-17T16:32:35","date_gmt":"2017-10-17T19:32:35","guid":{"rendered":"http:\/\/www.rincondelbulla.cl\/portal\/?p=12849"},"modified":"2017-10-17T16:33:58","modified_gmt":"2017-10-17T19:33:58","slug":"diaz-dice-que-nuevamente-saldran-a-presionar-a-antofagasta","status":"publish","type":"post","link":"http:\/\/www.rincondelbulla.cl\/portal\/2017\/10\/17\/diaz-dice-que-nuevamente-saldran-a-presionar-a-antofagasta\/","title":{"rendered":"D\u00edaz dice que nuevamente saldr\u00e1n a presionar a Antofagasta"},"content":{"rendered":"<figure id=\"attachment_12850\" aria-describedby=\"caption-attachment-12850\" style=\"width: 1050px\" class=\"wp-caption aligncenter\"><img loading=\"lazy\" decoding=\"async\" class=\"size-full wp-image-12850\" src=\"http:\/\/www.rincondelbulla.cl\/portal\/wp-content\/uploads\/2017\/10\/D\u00edaz-CDA-Octubre.jpg\" alt=\"\" width=\"1050\" height=\"700\" srcset=\"http:\/\/www.rincondelbulla.cl\/portal\/wp-content\/uploads\/2017\/10\/D\u00edaz-CDA-Octubre.jpg 1050w, http:\/\/www.rincondelbulla.cl\/portal\/wp-content\/uploads\/2017\/10\/D\u00edaz-CDA-Octubre-300x200.jpg 300w, http:\/\/www.rincondelbulla.cl\/portal\/wp-content\/uploads\/2017\/10\/D\u00edaz-CDA-Octubre-768x512.jpg 768w, http:\/\/www.rincondelbulla.cl\/portal\/wp-content\/uploads\/2017\/10\/D\u00edaz-CDA-Octubre-696x464.jpg 696w, http:\/\/www.rincondelbulla.cl\/portal\/wp-content\/uploads\/2017\/10\/D\u00edaz-CDA-Octubre-630x420.jpg 630w\" sizes=\"auto, (max-width: 1050px) 100vw, 1050px\" \/><figcaption id=\"caption-attachment-12850\" class=\"wp-caption-text\">Fotograf\u00eda: Agencia Uno<\/figcaption><\/figure>\n<p><strong>Isaac D\u00edaz se refiri\u00f3 este martes a la ardua lucha existente por la titularidad en el ataque del cuadro azul y la pelea por el t\u00edtulo.<\/strong><\/p>\n<p>El \u2018Toro de Fresia\u2019 ha quedado relegado principalmente a la suplencia en el esquema de \u00c1ngel Guillermo Hoyos, debido al protagonismo alcanzado por Mauricio Pinilla, goleador del elenco colegial, y por Sebasti\u00e1n Ubilla, figura en los \u00faltimos partidos del equipo.<\/p>\n<p>\u201cDesde que llegu\u00e9 en esta segunda etapa, supe que es dif\u00edcil tener un puesto. El Seba (Ubilla) entr\u00f3 y se nota su presencia. Es dif\u00edcil ganarse un puesto. Al momento en que t\u00fa te relajas aparecen ni\u00f1os como el Nico (Guerra). No te puedes relajar, en cada entrenamiento hay que complicar al profe\u201d, expres\u00f3 el ariete en rueda de prensa.<\/p>\n<p>En cuanto a la lucha por el t\u00edtulo, donde la \u2018U\u2019 espera ganar el bicampeonato, D\u00edaz neg\u00f3 que est\u00e9n al tanto de lo que hace el \u2018archirrival\u2019, quien el pasado fin de semana alcanz\u00f3 a Uni\u00f3n Espa\u00f1ola en lo m\u00e1s alto de la tabla. El \u2018Rom\u00e1ntico Viajero\u2019 se ubica en la sexta plaza a tres unidades de los punteros.<\/p>\n<p>\u201cNosotros no estamos preocupados de Colo Colo. Hay equipos que est\u00e1n arriba de nosotros y esperar a que los dem\u00e1s se caigan. Nosotros tenemos que ganar, no podemos regalar ni un punto ya que nos toc\u00f3 contra ellos y dejamos pasar esa chance\u201d, dijo.<\/p>\n<p>\u201cHay un par de equipos que est\u00e1n arriba, pero nos preocupamos de ganar nuestros partidos y de sumar puntos. Se ver\u00e1 hasta la \u00faltima fecha, la \u2018U\u2019 siempre va a pelear el campeonato\u201d, a\u00f1adi\u00f3.<\/p>\n<p>En tanto, el jugador de 27 a\u00f1os destac\u00f3 el rendimiento presentado en los \u00faltimos encuentros por el joven Nicol\u00e1s Guerra. \u201cEs un ni\u00f1o diferente, es humilde, eso hace que uno lo vaya queriendo. Jugadores como Mauricio (Pinilla), David (Pizarro), uno que va tomando experiencia, los va ayudando para que no se les suban los humos a la cabeza, empiezan a pensar en otras cosas\u201d, expres\u00f3.<\/p>\n<p>Por \u00faltimo, el duelo que nuevamente jugar\u00e1n con Antofagasta, esta vez por Copa Chile y en el Nacional, tambi\u00e9n es tema para D\u00edaz:\u00a0\u00abLa f\u00f3rmula es la misma, -con la- caracter\u00edstica de presionar, buscar agresividad ante la p\u00e9rdida, el error. Mientras no cambiemos eso, la f\u00f3rmula es la misma, ir a buscar el partido.\u00a0Somos Universidad de Chile y nunca vamos a esperar a un equipo para que nos venga a atacar\u00bb<\/p>\n","protected":false},"excerpt":{"rendered":"<p>Isaac D\u00edaz se refiri\u00f3 este martes a la ardua lucha existente por la titularidad en el ataque del cuadro azul y la pelea por el t\u00edtulo. El \u2018Toro de Fresia\u2019 ha quedado relegado principalmente a la suplencia en el esquema de \u00c1ngel Guillermo Hoyos, debido al protagonismo alcanzado por Mauricio Pinilla, goleador del elenco colegial, [&#8230;]<\/p>\n","protected":false},"author":21395,"featured_media":12850,"comment_status":"closed","ping_status":"open","sticky":false,"template":"","format":"standard","meta":{"footnotes":""},"categories":[18],"tags":[454,365,154,1116,217,1227,156],"class_list":{"0":"post-12849","1":"post","2":"type-post","3":"status-publish","4":"format-standard","5":"has-post-thumbnail","7":"category-actualidad","8":"tag-actualidad","9":"tag-antofagasta","10":"tag-copa-chile","11":"tag-cuadro-magico","12":"tag-isaac-diaz","13":"tag-torneo-de-transicion","14":"tag-universidad-de-chile"},"_links":{"self":[{"href":"http:\/\/www.rincondelbulla.cl\/portal\/wp-json\/wp\/v2\/posts\/12849","targetHints":{"allow":["GET"]}}],"collection":[{"href":"http:\/\/www.rincondelbulla.cl\/portal\/wp-json\/wp\/v2\/posts"}],"about":[{"href":"http:\/\/www.rincondelbulla.cl\/portal\/wp-json\/wp\/v2\/types\/post"}],"author":[{"embeddable":true,"href":"http:\/\/www.rincondelbulla.cl\/portal\/wp-json\/wp\/v2\/users\/21395"}],"replies":[{"embeddable":true,"href":"http:\/\/www.rincondelbulla.cl\/portal\/wp-json\/wp\/v2\/comments?post=12849"}],"version-history":[{"count":1,"href":"http:\/\/www.rincondelbulla.cl\/portal\/wp-json\/wp\/v2\/posts\/12849\/revisions"}],"predecessor-version":[{"id":12851,"href":"http:\/\/www.rincondelbulla.cl\/portal\/wp-json\/wp\/v2\/posts\/12849\/revisions\/12851"}],"wp:featuredmedia":[{"embeddable":true,"href":"http:\/\/www.rincondelbulla.cl\/portal\/wp-json\/wp\/v2\/media\/12850"}],"wp:attachment":[{"href":"http:\/\/www.rincondelbulla.cl\/portal\/wp-json\/wp\/v2\/media?parent=12849"}],"wp:term":[{"taxonomy":"category","embeddable":true,"href":"http:\/\/www.rincondelbulla.cl\/portal\/wp-json\/wp\/v2\/categories?post=12849"},{"taxonomy":"post_tag","embeddable":true,"href":"http:\/\/www.rincondelbulla.cl\/portal\/wp-json\/wp\/v2\/tags?post=12849"}],"curies":[{"name":"wp","href":"https:\/\/api.w.org\/{rel}","templated":true}]}}