{"id":12875,"date":"2017-10-19T12:57:09","date_gmt":"2017-10-19T15:57:09","guid":{"rendered":"http:\/\/www.rincondelbulla.cl\/portal\/?p=12875"},"modified":"2017-10-19T12:57:09","modified_gmt":"2017-10-19T15:57:09","slug":"hoyos-mesurado-por-lo-que-viene-contento-por-sus-jugadores","status":"publish","type":"post","link":"http:\/\/www.rincondelbulla.cl\/portal\/2017\/10\/19\/hoyos-mesurado-por-lo-que-viene-contento-por-sus-jugadores\/","title":{"rendered":"Hoyos mesurado por lo que viene, contento por sus jugadores"},"content":{"rendered":"<figure id=\"attachment_12481\" aria-describedby=\"caption-attachment-12481\" style=\"width: 1050px\" class=\"wp-caption aligncenter\"><img loading=\"lazy\" decoding=\"async\" class=\"size-full wp-image-12481\" src=\"http:\/\/www.rincondelbulla.cl\/portal\/wp-content\/uploads\/2017\/09\/Hoyos-Post-Audax.jpg\" alt=\"\" width=\"1050\" height=\"700\" srcset=\"http:\/\/www.rincondelbulla.cl\/portal\/wp-content\/uploads\/2017\/09\/Hoyos-Post-Audax.jpg 1050w, http:\/\/www.rincondelbulla.cl\/portal\/wp-content\/uploads\/2017\/09\/Hoyos-Post-Audax-300x200.jpg 300w, http:\/\/www.rincondelbulla.cl\/portal\/wp-content\/uploads\/2017\/09\/Hoyos-Post-Audax-768x512.jpg 768w, http:\/\/www.rincondelbulla.cl\/portal\/wp-content\/uploads\/2017\/09\/Hoyos-Post-Audax-696x464.jpg 696w, http:\/\/www.rincondelbulla.cl\/portal\/wp-content\/uploads\/2017\/09\/Hoyos-Post-Audax-630x420.jpg 630w\" sizes=\"auto, (max-width: 1050px) 100vw, 1050px\" \/><figcaption id=\"caption-attachment-12481\" class=\"wp-caption-text\">Fotograf\u00eda: Ren\u00e9 S\u00e1ez<\/figcaption><\/figure>\n<p><strong>El segundo triunfo antes los Pumas en menos de 7 d\u00edas, deja tranquilo al profe Hoyos, pero al mismo tiempo mira con mesura lo que se vive durante estas semanas.<\/strong><\/p>\n<p>Tras terminar el duelo Guillermo Hoyos se refiri\u00f3 al duelo por Copa Chile con Antofagasta: \u00abEstoy contento porque se le gan\u00f3 a un gran rival, un equipo muy compacto, pero todav\u00eda quedan 90 minutos, la llave no est\u00e1 cerrada\u2026 Son dos equipos que buscan siempre ganar.\u00a0Es una llave intensa y no es tan f\u00e1cil recuperar al 100 por ciento al jugador porque tenemos partido el domingo\u00bb.<\/p>\n<p>Adem\u00e1s del resultado, al reflexivo estratego lo alegra el momento que est\u00e1 viviendo Nicol\u00e1s \u00abKun\u00bb Guerra, que sigue teniendo buenas actuaciones en el cuadro m\u00e1gico: \u00abLo m\u00e1s valioso es buscar en el f\u00fatbol base el futuro de los clubes. En mi apreciaci\u00f3n personal,\u00a0tenemos tres jugadores de una jerarqu\u00eda importante y ya son una realidad. Creo que todo lo que va desarrollando la U en las inferiores es un aporte al f\u00fatbol chileno y sudamericano o mundial\u00bb.<\/p>\n<p>Finalmente, respecto a la situaci\u00f3n de Sebasti\u00e1n Ubilla y su posible partida da la U, dijo que: \u00abSeba Ubilla est\u00e1 pasando un buen momento. Ven\u00eda de una lesi\u00f3n complicada. \u00c9l tiene su ilusi\u00f3n en la vida, su deseo de hacer cosas y yo no voy a cortar nada\u00bb.<\/p>\n","protected":false},"excerpt":{"rendered":"<p>El segundo triunfo antes los Pumas en menos de 7 d\u00edas, deja tranquilo al profe Hoyos, pero al mismo tiempo mira con mesura lo que se vive durante estas semanas. Tras terminar el duelo Guillermo Hoyos se refiri\u00f3 al duelo por Copa Chile con Antofagasta: \u00abEstoy contento porque se le gan\u00f3 a un gran rival, [&#8230;]<\/p>\n","protected":false},"author":21395,"featured_media":11790,"comment_status":"closed","ping_status":"open","sticky":false,"template":"","format":"standard","meta":{"footnotes":""},"categories":[18],"tags":[454,365,154,1116,1006,1161,118,156],"class_list":{"0":"post-12875","1":"post","2":"type-post","3":"status-publish","4":"format-standard","5":"has-post-thumbnail","7":"category-actualidad","8":"tag-actualidad","9":"tag-antofagasta","10":"tag-copa-chile","11":"tag-cuadro-magico","12":"tag-guillermo-hoyos","13":"tag-nicolas-guerra","14":"tag-sebastian-ubilla","15":"tag-universidad-de-chile"},"_links":{"self":[{"href":"http:\/\/www.rincondelbulla.cl\/portal\/wp-json\/wp\/v2\/posts\/12875","targetHints":{"allow":["GET"]}}],"collection":[{"href":"http:\/\/www.rincondelbulla.cl\/portal\/wp-json\/wp\/v2\/posts"}],"about":[{"href":"http:\/\/www.rincondelbulla.cl\/portal\/wp-json\/wp\/v2\/types\/post"}],"author":[{"embeddable":true,"href":"http:\/\/www.rincondelbulla.cl\/portal\/wp-json\/wp\/v2\/users\/21395"}],"replies":[{"embeddable":true,"href":"http:\/\/www.rincondelbulla.cl\/portal\/wp-json\/wp\/v2\/comments?post=12875"}],"version-history":[{"count":1,"href":"http:\/\/www.rincondelbulla.cl\/portal\/wp-json\/wp\/v2\/posts\/12875\/revisions"}],"predecessor-version":[{"id":12876,"href":"http:\/\/www.rincondelbulla.cl\/portal\/wp-json\/wp\/v2\/posts\/12875\/revisions\/12876"}],"wp:featuredmedia":[{"embeddable":true,"href":"http:\/\/www.rincondelbulla.cl\/portal\/wp-json\/wp\/v2\/media\/11790"}],"wp:attachment":[{"href":"http:\/\/www.rincondelbulla.cl\/portal\/wp-json\/wp\/v2\/media?parent=12875"}],"wp:term":[{"taxonomy":"category","embeddable":true,"href":"http:\/\/www.rincondelbulla.cl\/portal\/wp-json\/wp\/v2\/categories?post=12875"},{"taxonomy":"post_tag","embeddable":true,"href":"http:\/\/www.rincondelbulla.cl\/portal\/wp-json\/wp\/v2\/tags?post=12875"}],"curies":[{"name":"wp","href":"https:\/\/api.w.org\/{rel}","templated":true}]}}