{"id":12892,"date":"2017-10-20T15:43:14","date_gmt":"2017-10-20T18:43:14","guid":{"rendered":"http:\/\/www.rincondelbulla.cl\/portal\/?p=12892"},"modified":"2017-10-20T15:43:14","modified_gmt":"2017-10-20T18:43:14","slug":"monzon-y-su-lesion-voy-a-llevar-la-marca-para-siempre","status":"publish","type":"post","link":"http:\/\/www.rincondelbulla.cl\/portal\/2017\/10\/20\/monzon-y-su-lesion-voy-a-llevar-la-marca-para-siempre\/","title":{"rendered":"Monz\u00f3n y su lesi\u00f3n: \u00abVoy a llevar la marca para siempre\u00bb"},"content":{"rendered":"<p><img loading=\"lazy\" decoding=\"async\" class=\"alignnone size-full wp-image-12895\" src=\"http:\/\/www.rincondelbulla.cl\/portal\/wp-content\/uploads\/2017\/10\/Monz\u00f3n-CDA-Octubre.jpg\" alt=\"\" width=\"1199\" height=\"632\" srcset=\"http:\/\/www.rincondelbulla.cl\/portal\/wp-content\/uploads\/2017\/10\/Monz\u00f3n-CDA-Octubre.jpg 1199w, http:\/\/www.rincondelbulla.cl\/portal\/wp-content\/uploads\/2017\/10\/Monz\u00f3n-CDA-Octubre-300x158.jpg 300w, http:\/\/www.rincondelbulla.cl\/portal\/wp-content\/uploads\/2017\/10\/Monz\u00f3n-CDA-Octubre-768x405.jpg 768w, http:\/\/www.rincondelbulla.cl\/portal\/wp-content\/uploads\/2017\/10\/Monz\u00f3n-CDA-Octubre-696x367.jpg 696w, http:\/\/www.rincondelbulla.cl\/portal\/wp-content\/uploads\/2017\/10\/Monz\u00f3n-CDA-Octubre-1068x563.jpg 1068w, http:\/\/www.rincondelbulla.cl\/portal\/wp-content\/uploads\/2017\/10\/Monz\u00f3n-CDA-Octubre-797x420.jpg 797w\" sizes=\"auto, (max-width: 1199px) 100vw, 1199px\" \/><\/p>\n<p><strong>Universidad de Chile se prepara para el duelo con Palestino, en la seguidilla de partidos que tiene por estos d\u00edas entre Copa Chile y el Transici\u00f3n.<\/strong><\/p>\n<p>Fabi\u00e1n Monz\u00f3n fue el que convers\u00f3 con los medios tras el entrenamiento y la larga espera de los medios en la sala de prensa del Centro Deportivo Azul.<\/p>\n<p>El tema principal fue su lesi\u00f3n el partido en Antofagasta que le caus\u00f3 Bruno Romo, la cual dej\u00f3 im\u00e1genes s\u00faper duras: \u00abSe comunic\u00f3 por tel\u00e9fono, me ofreci\u00f3 disculpas, se las acept\u00e9. La mayor molestia es que voy a llevar la marca para siempre. El \u00e1rbitro (Felipe Gonz\u00e1lez) me dijo que se hab\u00eda equivocado. Debi\u00f3 haberlo expulsado, pero ya est\u00e1\u2026\u00bb<\/p>\n<audio class=\"wp-audio-shortcode\" id=\"audio-12892-1\" preload=\"none\" style=\"width: 100%;\" controls=\"controls\"><source type=\"audio\/mpeg\" src=\"http:\/\/www.rincondelbulla.cl\/portal\/wp-content\/uploads\/2017\/10\/UCH-Monzon-Bruno-Romo-y-la-lesi\u00f3n.mp3?_=1\" \/><a href=\"http:\/\/www.rincondelbulla.cl\/portal\/wp-content\/uploads\/2017\/10\/UCH-Monzon-Bruno-Romo-y-la-lesi\u00f3n.mp3\">http:\/\/www.rincondelbulla.cl\/portal\/wp-content\/uploads\/2017\/10\/UCH-Monzon-Bruno-Romo-y-la-lesi\u00f3n.mp3<\/a><\/audio>\n<p>Respecto al momento que vive Luciano Fabi\u00e1n, que ha sido bueno y jugando como volante ofensivo en la U, dice que:\u00a0\u00abHace mucho no jugaba en esa posici\u00f3n, as\u00ed que le ped\u00ed algunas indicaciones para moverme ofensiva y defensivamente, y despu\u00e9s sal\u00ed a dar lo mejor de m\u00ed.\u00a0En el primer tiempo me cost\u00f3 mucho, pero en\u00a0el segundo tiempo sal\u00ed mejor y ahora me estoy acostumbrando\u00bb.<\/p>\n<p>Tambi\u00e9n se suma a los elogios al juego de Nicol\u00e1s Guerra:\u00a0\u00abEs un chico con mucha humildad que casi no habla.\u00a0Por como viene jugando merece todo lo que est\u00e1 dando la gente\u00bb.<\/p>\n<audio class=\"wp-audio-shortcode\" id=\"audio-12892-2\" preload=\"none\" style=\"width: 100%;\" controls=\"controls\"><source type=\"audio\/mpeg\" src=\"http:\/\/www.rincondelbulla.cl\/portal\/wp-content\/uploads\/2017\/10\/UCH-Monzon-Nico-Guerra.mp3?_=2\" \/><a href=\"http:\/\/www.rincondelbulla.cl\/portal\/wp-content\/uploads\/2017\/10\/UCH-Monzon-Nico-Guerra.mp3\">http:\/\/www.rincondelbulla.cl\/portal\/wp-content\/uploads\/2017\/10\/UCH-Monzon-Nico-Guerra.mp3<\/a><\/audio>\n<p>Finalmente sobre el rival de este domingo, Palestino, coment\u00f3\u00a0\u00abEllos juegan bien. Vimos el partido contra Uni\u00f3n Espa\u00f1ola y parec\u00edan muy superiores, aunque Uni\u00f3n no jug\u00f3 igual que contra nosotros. Esperemos obtener un resultado positivo\u00bb.<\/p>\n","protected":false},"excerpt":{"rendered":"<p>Universidad de Chile se prepara para el duelo con Palestino, en la seguidilla de partidos que tiene por estos d\u00edas entre Copa Chile y el Transici\u00f3n. Fabi\u00e1n Monz\u00f3n fue el que convers\u00f3 con los medios tras el entrenamiento y la larga espera de los medios en la sala de prensa del Centro Deportivo Azul. El [&#8230;]<\/p>\n","protected":false},"author":21397,"featured_media":12895,"comment_status":"closed","ping_status":"open","sticky":false,"template":"","format":"standard","meta":{"footnotes":""},"categories":[18],"tags":[454,1116,555,457,1227,156],"class_list":{"0":"post-12892","1":"post","2":"type-post","3":"status-publish","4":"format-standard","5":"has-post-thumbnail","7":"category-actualidad","8":"tag-actualidad","9":"tag-cuadro-magico","10":"tag-fabian-monzon","11":"tag-palestino","12":"tag-torneo-de-transicion","13":"tag-universidad-de-chile"},"_links":{"self":[{"href":"http:\/\/www.rincondelbulla.cl\/portal\/wp-json\/wp\/v2\/posts\/12892","targetHints":{"allow":["GET"]}}],"collection":[{"href":"http:\/\/www.rincondelbulla.cl\/portal\/wp-json\/wp\/v2\/posts"}],"about":[{"href":"http:\/\/www.rincondelbulla.cl\/portal\/wp-json\/wp\/v2\/types\/post"}],"author":[{"embeddable":true,"href":"http:\/\/www.rincondelbulla.cl\/portal\/wp-json\/wp\/v2\/users\/21397"}],"replies":[{"embeddable":true,"href":"http:\/\/www.rincondelbulla.cl\/portal\/wp-json\/wp\/v2\/comments?post=12892"}],"version-history":[{"count":1,"href":"http:\/\/www.rincondelbulla.cl\/portal\/wp-json\/wp\/v2\/posts\/12892\/revisions"}],"predecessor-version":[{"id":12896,"href":"http:\/\/www.rincondelbulla.cl\/portal\/wp-json\/wp\/v2\/posts\/12892\/revisions\/12896"}],"wp:featuredmedia":[{"embeddable":true,"href":"http:\/\/www.rincondelbulla.cl\/portal\/wp-json\/wp\/v2\/media\/12895"}],"wp:attachment":[{"href":"http:\/\/www.rincondelbulla.cl\/portal\/wp-json\/wp\/v2\/media?parent=12892"}],"wp:term":[{"taxonomy":"category","embeddable":true,"href":"http:\/\/www.rincondelbulla.cl\/portal\/wp-json\/wp\/v2\/categories?post=12892"},{"taxonomy":"post_tag","embeddable":true,"href":"http:\/\/www.rincondelbulla.cl\/portal\/wp-json\/wp\/v2\/tags?post=12892"}],"curies":[{"name":"wp","href":"https:\/\/api.w.org\/{rel}","templated":true}]}}