{"id":12910,"date":"2017-10-23T14:21:47","date_gmt":"2017-10-23T17:21:47","guid":{"rendered":"http:\/\/www.rincondelbulla.cl\/portal\/?p=12910"},"modified":"2018-05-24T00:07:00","modified_gmt":"2018-05-24T04:07:00","slug":"la-u-vuelve-al-azul-oscuro-con-nueva-camiseta","status":"publish","type":"post","link":"http:\/\/www.rincondelbulla.cl\/portal\/2017\/10\/23\/la-u-vuelve-al-azul-oscuro-con-nueva-camiseta\/","title":{"rendered":"La \u00abU\u00bb vuelve al azul oscuro con nueva camiseta"},"content":{"rendered":"<p><img loading=\"lazy\" decoding=\"async\" class=\"size-full wp-image-12915\" src=\"http:\/\/www.rincondelbulla.cl\/portal\/wp-content\/uploads\/2017\/10\/Lanzamiento-camiseta-2018-de-la-U.jpg\" alt=\"\" width=\"1244\" height=\"700\" srcset=\"http:\/\/www.rincondelbulla.cl\/portal\/wp-content\/uploads\/2017\/10\/Lanzamiento-camiseta-2018-de-la-U.jpg 1244w, http:\/\/www.rincondelbulla.cl\/portal\/wp-content\/uploads\/2017\/10\/Lanzamiento-camiseta-2018-de-la-U-300x169.jpg 300w, http:\/\/www.rincondelbulla.cl\/portal\/wp-content\/uploads\/2017\/10\/Lanzamiento-camiseta-2018-de-la-U-768x432.jpg 768w, http:\/\/www.rincondelbulla.cl\/portal\/wp-content\/uploads\/2017\/10\/Lanzamiento-camiseta-2018-de-la-U-1200x675.jpg 1200w, http:\/\/www.rincondelbulla.cl\/portal\/wp-content\/uploads\/2017\/10\/Lanzamiento-camiseta-2018-de-la-U-696x392.jpg 696w, http:\/\/www.rincondelbulla.cl\/portal\/wp-content\/uploads\/2017\/10\/Lanzamiento-camiseta-2018-de-la-U-1068x601.jpg 1068w, http:\/\/www.rincondelbulla.cl\/portal\/wp-content\/uploads\/2017\/10\/Lanzamiento-camiseta-2018-de-la-U-746x420.jpg 746w\" sizes=\"auto, (max-width: 1244px) 100vw, 1244px\" \/><\/p>\n<p>En lanzamiento en la tienda Adidas del Costanera Center el cuadro dirigido por Guillermo Hoyos present\u00f3 su nueva indumentaria.<\/p>\n<p>Un azul mucho m\u00e1s oscuro, rememorando esas camisetas de los a\u00f1os 94-95, y con la inclusi\u00f3n de las conocidas l\u00edneas de Adidas en los hombros, es el dise\u00f1o que vestir\u00e1 a la \u00abU\u00bb por lo que resta del campeonato y el pr\u00f3ximo 2018.<\/p>\n<p>Hasta el lanzamiento realizado en el Costanera Center llegaron Johnny Herrera, Mat\u00edas Rodr\u00edguez y Felipe Seymour, quienes fueron los encargados de dar a conocer esta nueva camiseta.<\/p>\n<p>Tras la presentaci\u00f3n Herrera, Seymour y Rodr\u00edguez, conversaron con los medios y estaban felices de esta presentaci\u00f3n y concentrados en lo que se vivir\u00e1 estos d\u00edas ante Antofagasta por Copa Chile y Cat\u00f3lica, en una nueva versi\u00f3n del Cl\u00e1sico Universitario por el torneo de transici\u00f3n.<\/p>\n<p><iframe loading=\"lazy\" src=\"https:\/\/www.youtube.com\/embed\/r1DycbILjV8\" width=\"560\" height=\"315\" frameborder=\"0\" allowfullscreen=\"allowfullscreen\"><\/iframe><\/p>\n","protected":false},"excerpt":{"rendered":"<p>En lanzamiento en la tienda Adidas del Costanera Center el cuadro dirigido por Guillermo Hoyos present\u00f3 su nueva indumentaria. Un azul mucho m\u00e1s oscuro, rememorando esas camisetas de los a\u00f1os 94-95, y con la inclusi\u00f3n de las conocidas l\u00edneas de Adidas en los hombros, es el dise\u00f1o que vestir\u00e1 a la \u00abU\u00bb por lo que [&#8230;]<\/p>\n","protected":false},"author":65,"featured_media":12915,"comment_status":"closed","ping_status":"open","sticky":false,"template":"","format":"standard","meta":{"footnotes":""},"categories":[18],"tags":[454,295,517,1116,1253,974,156],"class_list":{"0":"post-12910","1":"post","2":"type-post","3":"status-publish","4":"format-standard","5":"has-post-thumbnail","7":"category-actualidad","8":"tag-actualidad","9":"tag-adidas","10":"tag-camiseta","11":"tag-cuadro-magico","12":"tag-here-to-create","13":"tag-lanzamiento","14":"tag-universidad-de-chile"},"_links":{"self":[{"href":"http:\/\/www.rincondelbulla.cl\/portal\/wp-json\/wp\/v2\/posts\/12910","targetHints":{"allow":["GET"]}}],"collection":[{"href":"http:\/\/www.rincondelbulla.cl\/portal\/wp-json\/wp\/v2\/posts"}],"about":[{"href":"http:\/\/www.rincondelbulla.cl\/portal\/wp-json\/wp\/v2\/types\/post"}],"author":[{"embeddable":true,"href":"http:\/\/www.rincondelbulla.cl\/portal\/wp-json\/wp\/v2\/users\/65"}],"replies":[{"embeddable":true,"href":"http:\/\/www.rincondelbulla.cl\/portal\/wp-json\/wp\/v2\/comments?post=12910"}],"version-history":[{"count":6,"href":"http:\/\/www.rincondelbulla.cl\/portal\/wp-json\/wp\/v2\/posts\/12910\/revisions"}],"predecessor-version":[{"id":14716,"href":"http:\/\/www.rincondelbulla.cl\/portal\/wp-json\/wp\/v2\/posts\/12910\/revisions\/14716"}],"wp:featuredmedia":[{"embeddable":true,"href":"http:\/\/www.rincondelbulla.cl\/portal\/wp-json\/wp\/v2\/media\/12915"}],"wp:attachment":[{"href":"http:\/\/www.rincondelbulla.cl\/portal\/wp-json\/wp\/v2\/media?parent=12910"}],"wp:term":[{"taxonomy":"category","embeddable":true,"href":"http:\/\/www.rincondelbulla.cl\/portal\/wp-json\/wp\/v2\/categories?post=12910"},{"taxonomy":"post_tag","embeddable":true,"href":"http:\/\/www.rincondelbulla.cl\/portal\/wp-json\/wp\/v2\/tags?post=12910"}],"curies":[{"name":"wp","href":"https:\/\/api.w.org\/{rel}","templated":true}]}}