{"id":12912,"date":"2017-10-23T09:52:35","date_gmt":"2017-10-23T12:52:35","guid":{"rendered":"http:\/\/www.rincondelbulla.cl\/portal\/?p=12912"},"modified":"2017-10-23T09:52:35","modified_gmt":"2017-10-23T12:52:35","slug":"al-profe-le-preocupa-la-seguidilla-de-partidos","status":"publish","type":"post","link":"http:\/\/www.rincondelbulla.cl\/portal\/2017\/10\/23\/al-profe-le-preocupa-la-seguidilla-de-partidos\/","title":{"rendered":"Al profe le preocupa la seguidilla de partidos"},"content":{"rendered":"<p><img loading=\"lazy\" decoding=\"async\" class=\"aligncenter size-full wp-image-11790\" src=\"http:\/\/www.rincondelbulla.cl\/portal\/wp-content\/uploads\/2017\/07\/Hoyos-Conferencia-Nacional.jpg\" alt=\"\" width=\"1244\" height=\"700\" srcset=\"http:\/\/www.rincondelbulla.cl\/portal\/wp-content\/uploads\/2017\/07\/Hoyos-Conferencia-Nacional.jpg 1244w, http:\/\/www.rincondelbulla.cl\/portal\/wp-content\/uploads\/2017\/07\/Hoyos-Conferencia-Nacional-300x169.jpg 300w, http:\/\/www.rincondelbulla.cl\/portal\/wp-content\/uploads\/2017\/07\/Hoyos-Conferencia-Nacional-768x432.jpg 768w, http:\/\/www.rincondelbulla.cl\/portal\/wp-content\/uploads\/2017\/07\/Hoyos-Conferencia-Nacional-1200x675.jpg 1200w, http:\/\/www.rincondelbulla.cl\/portal\/wp-content\/uploads\/2017\/07\/Hoyos-Conferencia-Nacional-696x392.jpg 696w, http:\/\/www.rincondelbulla.cl\/portal\/wp-content\/uploads\/2017\/07\/Hoyos-Conferencia-Nacional-1068x601.jpg 1068w, http:\/\/www.rincondelbulla.cl\/portal\/wp-content\/uploads\/2017\/07\/Hoyos-Conferencia-Nacional-746x420.jpg 746w\" sizes=\"auto, (max-width: 1244px) 100vw, 1244px\" \/><\/p>\n<p><strong>Esto lo hab\u00edamos adelantado anteriormente, se ven\u00edan muchos duelos para el cuadro m\u00e1gico tanto en Copa Chile como por el Transici\u00f3n y eso tras el triunfo ante Palestino, no dej\u00f3 indiferente a Guillermo Hoyos.<\/strong><\/p>\n<p>\u00abParamos ahora y en 70 horas m\u00e1s tenemos que jugar nuevamente, pero estamos intentando la recuperaci\u00f3n m\u00e1xima de cada jugador\u00bb. comenz\u00f3 diciendo el estratego.<\/p>\n<p>Adem\u00e1s otro de los temas que tuvo a todos los bullangueros de cabeza, fue la formaci\u00f3n vista ante los tetracolores\u00a0\u00abEl partido en Antofagasta ser\u00e1 dif\u00edcil, hay que recorrer mucha distancia. Y luego tenemos el cl\u00e1sico, tenemos que cuidar a los jugadores que sufren fatiga f\u00edsica\u00bb, ante las ausencias de Jara, Monz\u00f3n y Zacar\u00eda.<\/p>\n<p>Finalmente, entreg\u00f3 elogios para Mauricio Pinilla, el salvador de la jornada:\u00a0\u201cFue magn\u00edfico el segundo gol, creo que fue un partido luchado y fuimos justos vencedores por los 90 minutos\u201d.<\/p>\n","protected":false},"excerpt":{"rendered":"<p>Esto lo hab\u00edamos adelantado anteriormente, se ven\u00edan muchos duelos para el cuadro m\u00e1gico tanto en Copa Chile como por el Transici\u00f3n y eso tras el triunfo ante Palestino, no dej\u00f3 indiferente a Guillermo Hoyos. \u00abParamos ahora y en 70 horas m\u00e1s tenemos que jugar nuevamente, pero estamos intentando la recuperaci\u00f3n m\u00e1xima de cada jugador\u00bb. comenz\u00f3 [&#8230;]<\/p>\n","protected":false},"author":21395,"featured_media":12481,"comment_status":"closed","ping_status":"open","sticky":false,"template":"","format":"standard","meta":{"footnotes":""},"categories":[18],"tags":[454,154,1116,1006,631,1227,156],"class_list":{"0":"post-12912","1":"post","2":"type-post","3":"status-publish","4":"format-standard","5":"has-post-thumbnail","7":"category-actualidad","8":"tag-actualidad","9":"tag-copa-chile","10":"tag-cuadro-magico","11":"tag-guillermo-hoyos","12":"tag-mauricio-pinilla","13":"tag-torneo-de-transicion","14":"tag-universidad-de-chile"},"_links":{"self":[{"href":"http:\/\/www.rincondelbulla.cl\/portal\/wp-json\/wp\/v2\/posts\/12912","targetHints":{"allow":["GET"]}}],"collection":[{"href":"http:\/\/www.rincondelbulla.cl\/portal\/wp-json\/wp\/v2\/posts"}],"about":[{"href":"http:\/\/www.rincondelbulla.cl\/portal\/wp-json\/wp\/v2\/types\/post"}],"author":[{"embeddable":true,"href":"http:\/\/www.rincondelbulla.cl\/portal\/wp-json\/wp\/v2\/users\/21395"}],"replies":[{"embeddable":true,"href":"http:\/\/www.rincondelbulla.cl\/portal\/wp-json\/wp\/v2\/comments?post=12912"}],"version-history":[{"count":1,"href":"http:\/\/www.rincondelbulla.cl\/portal\/wp-json\/wp\/v2\/posts\/12912\/revisions"}],"predecessor-version":[{"id":12913,"href":"http:\/\/www.rincondelbulla.cl\/portal\/wp-json\/wp\/v2\/posts\/12912\/revisions\/12913"}],"wp:featuredmedia":[{"embeddable":true,"href":"http:\/\/www.rincondelbulla.cl\/portal\/wp-json\/wp\/v2\/media\/12481"}],"wp:attachment":[{"href":"http:\/\/www.rincondelbulla.cl\/portal\/wp-json\/wp\/v2\/media?parent=12912"}],"wp:term":[{"taxonomy":"category","embeddable":true,"href":"http:\/\/www.rincondelbulla.cl\/portal\/wp-json\/wp\/v2\/categories?post=12912"},{"taxonomy":"post_tag","embeddable":true,"href":"http:\/\/www.rincondelbulla.cl\/portal\/wp-json\/wp\/v2\/tags?post=12912"}],"curies":[{"name":"wp","href":"https:\/\/api.w.org\/{rel}","templated":true}]}}