{"id":12933,"date":"2017-10-24T13:05:13","date_gmt":"2017-10-24T16:05:13","guid":{"rendered":"http:\/\/www.rincondelbulla.cl\/portal\/?p=12933"},"modified":"2017-10-24T13:05:13","modified_gmt":"2017-10-24T16:05:13","slug":"jugadores-historicos-y-actuales-se-mentalizan-en-esta-semana-especial","status":"publish","type":"post","link":"http:\/\/www.rincondelbulla.cl\/portal\/2017\/10\/24\/jugadores-historicos-y-actuales-se-mentalizan-en-esta-semana-especial\/","title":{"rendered":"Jugadores hist\u00f3ricos y actuales se mentalizan en esta semana especial"},"content":{"rendered":"<figure id=\"attachment_12934\" aria-describedby=\"caption-attachment-12934\" style=\"width: 1280px\" class=\"wp-caption aligncenter\"><img loading=\"lazy\" decoding=\"async\" class=\"size-full wp-image-12934\" src=\"http:\/\/www.rincondelbulla.cl\/portal\/wp-content\/uploads\/2017\/10\/Superman-Vargas.jpg\" alt=\"\" width=\"1280\" height=\"720\" srcset=\"http:\/\/www.rincondelbulla.cl\/portal\/wp-content\/uploads\/2017\/10\/Superman-Vargas.jpg 1280w, http:\/\/www.rincondelbulla.cl\/portal\/wp-content\/uploads\/2017\/10\/Superman-Vargas-300x169.jpg 300w, http:\/\/www.rincondelbulla.cl\/portal\/wp-content\/uploads\/2017\/10\/Superman-Vargas-768x432.jpg 768w, http:\/\/www.rincondelbulla.cl\/portal\/wp-content\/uploads\/2017\/10\/Superman-Vargas-1200x675.jpg 1200w, http:\/\/www.rincondelbulla.cl\/portal\/wp-content\/uploads\/2017\/10\/Superman-Vargas-696x392.jpg 696w, http:\/\/www.rincondelbulla.cl\/portal\/wp-content\/uploads\/2017\/10\/Superman-Vargas-1068x601.jpg 1068w, http:\/\/www.rincondelbulla.cl\/portal\/wp-content\/uploads\/2017\/10\/Superman-Vargas-747x420.jpg 747w\" sizes=\"auto, (max-width: 1280px) 100vw, 1280px\" \/><figcaption id=\"caption-attachment-12934\" class=\"wp-caption-text\">Fotograf\u00eda: Leyla D\u00edaz<\/figcaption><\/figure>\n<p><strong>El cuadro m\u00e1gico se juega todo por estos d\u00edas, una eventual final de Copa Chile y un Cl\u00e1sico Universitario que mantendr\u00eda a la U peleando el t\u00edtulo del transici\u00f3n son los objetivos.<\/strong><\/p>\n<p>Ayer en la presentaci\u00f3n de la nueva camiseta azul los jugadores y exjugadores que se hicieron presente comentaron respecto al momento que vive el cuadro m\u00e1gico por estos d\u00edas.<\/p>\n<p>\u00abEstamos bien, venimos de ser campeones y no es f\u00e1cil retomar la misma senda. Estamos a solo tres puntos de los l\u00edderes y quedan cinco fechas,\u00a0vamos a pelear hasta el final\u00bb, fueron las palabras de Johnny Herrera qui\u00e9n fue el primero en hablar de este tema con los medios.<\/p>\n<p>Por su parte Felipe Seymour declar\u00f3: \u00abEn este minuto creo que lo m\u00e1s importante es mantener la concentraci\u00f3n de seguir peleando ambos campeonatos. Estamos a\u00a0poco de jugar el paso a una final y de ah\u00ed seguir peleando el campeonato. Estamos a tres puntos en el torneo y sabemos que vienen partidos muy dif\u00edciles\u00bb<\/p>\n<p>Tambi\u00e9n los hist\u00f3ricos entregaron su opini\u00f3n, Sergio Vargas, agrument\u00f3 que: \u00abLos cl\u00e1sicos son importantes, pero m\u00e1s importante es el campeonato y en ese sentido la U est\u00e1 en carrera, s\u00ed la U quiere ser campe\u00f3n debe ganar ese partido\u00bb.<\/p>\n<p>Finalmente Diego Rivarola, consultado por la posibilidad de que el cuadro m\u00e1gico, sea bicampe\u00f3n y campe\u00f3n de Copa Chile, dijo que: \u00abOjal\u00e1 que s\u00ed, lamentablemente no dependemos cien por ciento de nosotros, si la U, sigue ganando puede alcanzar la punta (Por el transici\u00f3n) y Copa Chile hay posibilidades de acceder a la final, es un semestre complejo, hay que tener paciencia\u00bb.<\/p>\n<p>Revisa todo lo que dijeron en el siguiente video.<\/p>\n<p><iframe loading=\"lazy\" src=\"https:\/\/www.youtube.com\/embed\/mQXmILXWn2g\" width=\"560\" height=\"315\" frameborder=\"0\" allowfullscreen=\"allowfullscreen\"><\/iframe><\/p>\n","protected":false},"excerpt":{"rendered":"<p>El cuadro m\u00e1gico se juega todo por estos d\u00edas, una eventual final de Copa Chile y un Cl\u00e1sico Universitario que mantendr\u00eda a la U peleando el t\u00edtulo del transici\u00f3n son los objetivos. Ayer en la presentaci\u00f3n de la nueva camiseta azul los jugadores y exjugadores que se hicieron presente comentaron respecto al momento que vive [&#8230;]<\/p>\n","protected":false},"author":21395,"featured_media":12934,"comment_status":"closed","ping_status":"open","sticky":false,"template":"","format":"standard","meta":{"footnotes":""},"categories":[18],"tags":[454,154,1116,45,1254,824,41,1255,647,1227,156],"class_list":{"0":"post-12933","1":"post","2":"type-post","3":"status-publish","4":"format-standard","5":"has-post-thumbnail","7":"category-actualidad","8":"tag-actualidad","9":"tag-copa-chile","10":"tag-cuadro-magico","11":"tag-diego-rivarola","12":"tag-felipe-seymor","13":"tag-goku","14":"tag-johnny-herrera","15":"tag-segio-vargas","16":"tag-superman","17":"tag-torneo-de-transicion","18":"tag-universidad-de-chile"},"_links":{"self":[{"href":"http:\/\/www.rincondelbulla.cl\/portal\/wp-json\/wp\/v2\/posts\/12933","targetHints":{"allow":["GET"]}}],"collection":[{"href":"http:\/\/www.rincondelbulla.cl\/portal\/wp-json\/wp\/v2\/posts"}],"about":[{"href":"http:\/\/www.rincondelbulla.cl\/portal\/wp-json\/wp\/v2\/types\/post"}],"author":[{"embeddable":true,"href":"http:\/\/www.rincondelbulla.cl\/portal\/wp-json\/wp\/v2\/users\/21395"}],"replies":[{"embeddable":true,"href":"http:\/\/www.rincondelbulla.cl\/portal\/wp-json\/wp\/v2\/comments?post=12933"}],"version-history":[{"count":1,"href":"http:\/\/www.rincondelbulla.cl\/portal\/wp-json\/wp\/v2\/posts\/12933\/revisions"}],"predecessor-version":[{"id":12935,"href":"http:\/\/www.rincondelbulla.cl\/portal\/wp-json\/wp\/v2\/posts\/12933\/revisions\/12935"}],"wp:featuredmedia":[{"embeddable":true,"href":"http:\/\/www.rincondelbulla.cl\/portal\/wp-json\/wp\/v2\/media\/12934"}],"wp:attachment":[{"href":"http:\/\/www.rincondelbulla.cl\/portal\/wp-json\/wp\/v2\/media?parent=12933"}],"wp:term":[{"taxonomy":"category","embeddable":true,"href":"http:\/\/www.rincondelbulla.cl\/portal\/wp-json\/wp\/v2\/categories?post=12933"},{"taxonomy":"post_tag","embeddable":true,"href":"http:\/\/www.rincondelbulla.cl\/portal\/wp-json\/wp\/v2\/tags?post=12933"}],"curies":[{"name":"wp","href":"https:\/\/api.w.org\/{rel}","templated":true}]}}