{"id":12959,"date":"2017-10-27T12:13:54","date_gmt":"2017-10-27T15:13:54","guid":{"rendered":"http:\/\/www.rincondelbulla.cl\/portal\/?p=12959"},"modified":"2017-10-27T12:13:54","modified_gmt":"2017-10-27T15:13:54","slug":"la-u-tuvo-su-ultimo-aliento","status":"publish","type":"post","link":"http:\/\/www.rincondelbulla.cl\/portal\/2017\/10\/27\/la-u-tuvo-su-ultimo-aliento\/","title":{"rendered":"La \u00abU\u00bb tuvo su \u00faltimo aliento"},"content":{"rendered":"<p><img loading=\"lazy\" decoding=\"async\" class=\"alignnone size-full wp-image-12963\" src=\"http:\/\/www.rincondelbulla.cl\/portal\/wp-content\/uploads\/2017\/10\/fotorene.jpeg\" alt=\"\" width=\"1280\" height=\"853\" srcset=\"http:\/\/www.rincondelbulla.cl\/portal\/wp-content\/uploads\/2017\/10\/fotorene.jpeg 1280w, http:\/\/www.rincondelbulla.cl\/portal\/wp-content\/uploads\/2017\/10\/fotorene-300x200.jpeg 300w, http:\/\/www.rincondelbulla.cl\/portal\/wp-content\/uploads\/2017\/10\/fotorene-768x512.jpeg 768w, http:\/\/www.rincondelbulla.cl\/portal\/wp-content\/uploads\/2017\/10\/fotorene-1200x800.jpeg 1200w, http:\/\/www.rincondelbulla.cl\/portal\/wp-content\/uploads\/2017\/10\/fotorene-696x464.jpeg 696w, http:\/\/www.rincondelbulla.cl\/portal\/wp-content\/uploads\/2017\/10\/fotorene-1068x712.jpeg 1068w, http:\/\/www.rincondelbulla.cl\/portal\/wp-content\/uploads\/2017\/10\/fotorene-630x420.jpeg 630w\" sizes=\"auto, (max-width: 1280px) 100vw, 1280px\" \/><\/p>\n<p><strong>La hinchada azul lleg\u00f3 en masa hasta el Estadio Nacional.<\/strong><!--more--><\/p>\n<p>Unas seis mil personas llegaron hasta el estadio \u00f1u\u00f1o\u00edno para alentar al plantel a dos d\u00edas del Cl\u00e1sico Universitario, partido que le da la opci\u00f3n a los azules de mantenerse en la pelea por la parte alta.<\/p>\n<p>La pr\u00e1ctica fue suave para un equipo casi completo, algunos con trabajo diferenciado a excepci\u00f3n de Jean Beausejour y Gonzalo Jara, quienes no aparecieron por el pasto del Estadio Nacional.<\/p>\n<p>El aliento fue constante durante la hora que estuvo presente el plantel en la cancha. El Banderazo finaliz\u00f3 con algunos hinchas en la cancha pero nada que pasara a mayores.<\/p>\n<p>&nbsp;<\/p>\n<p>&nbsp;<\/p>\n<p>&nbsp;<\/p>\n<p>&nbsp;<\/p>\n","protected":false},"excerpt":{"rendered":"<p>La hinchada azul lleg\u00f3 en masa hasta el Estadio Nacional.<\/p>\n","protected":false},"author":65,"featured_media":12963,"comment_status":"closed","ping_status":"open","sticky":false,"template":"","format":"standard","meta":{"footnotes":""},"categories":[18],"tags":[454,71,197],"class_list":{"0":"post-12959","1":"post","2":"type-post","3":"status-publish","4":"format-standard","5":"has-post-thumbnail","7":"category-actualidad","8":"tag-actualidad","9":"tag-clasico-universitario","10":"tag-udechile"},"_links":{"self":[{"href":"http:\/\/www.rincondelbulla.cl\/portal\/wp-json\/wp\/v2\/posts\/12959","targetHints":{"allow":["GET"]}}],"collection":[{"href":"http:\/\/www.rincondelbulla.cl\/portal\/wp-json\/wp\/v2\/posts"}],"about":[{"href":"http:\/\/www.rincondelbulla.cl\/portal\/wp-json\/wp\/v2\/types\/post"}],"author":[{"embeddable":true,"href":"http:\/\/www.rincondelbulla.cl\/portal\/wp-json\/wp\/v2\/users\/65"}],"replies":[{"embeddable":true,"href":"http:\/\/www.rincondelbulla.cl\/portal\/wp-json\/wp\/v2\/comments?post=12959"}],"version-history":[{"count":1,"href":"http:\/\/www.rincondelbulla.cl\/portal\/wp-json\/wp\/v2\/posts\/12959\/revisions"}],"predecessor-version":[{"id":12964,"href":"http:\/\/www.rincondelbulla.cl\/portal\/wp-json\/wp\/v2\/posts\/12959\/revisions\/12964"}],"wp:featuredmedia":[{"embeddable":true,"href":"http:\/\/www.rincondelbulla.cl\/portal\/wp-json\/wp\/v2\/media\/12963"}],"wp:attachment":[{"href":"http:\/\/www.rincondelbulla.cl\/portal\/wp-json\/wp\/v2\/media?parent=12959"}],"wp:term":[{"taxonomy":"category","embeddable":true,"href":"http:\/\/www.rincondelbulla.cl\/portal\/wp-json\/wp\/v2\/categories?post=12959"},{"taxonomy":"post_tag","embeddable":true,"href":"http:\/\/www.rincondelbulla.cl\/portal\/wp-json\/wp\/v2\/tags?post=12959"}],"curies":[{"name":"wp","href":"https:\/\/api.w.org\/{rel}","templated":true}]}}