{"id":12962,"date":"2017-10-27T12:30:20","date_gmt":"2017-10-27T15:30:20","guid":{"rendered":"http:\/\/www.rincondelbulla.cl\/portal\/?p=12962"},"modified":"2017-10-27T12:30:20","modified_gmt":"2017-10-27T15:30:20","slug":"pinilla-llegara-al-clasico-universitario","status":"publish","type":"post","link":"http:\/\/www.rincondelbulla.cl\/portal\/2017\/10\/27\/pinilla-llegara-al-clasico-universitario\/","title":{"rendered":"Pinilla llegar\u00e1 al Cl\u00e1sico Universitario"},"content":{"rendered":"<figure id=\"attachment_12960\" aria-describedby=\"caption-attachment-12960\" style=\"width: 1280px\" class=\"wp-caption alignnone\"><img loading=\"lazy\" decoding=\"async\" class=\"size-full wp-image-12960\" src=\"http:\/\/www.rincondelbulla.cl\/portal\/wp-content\/uploads\/2017\/10\/PINILLA.jpeg\" alt=\"\" width=\"1280\" height=\"852\" srcset=\"http:\/\/www.rincondelbulla.cl\/portal\/wp-content\/uploads\/2017\/10\/PINILLA.jpeg 1280w, http:\/\/www.rincondelbulla.cl\/portal\/wp-content\/uploads\/2017\/10\/PINILLA-300x200.jpeg 300w, http:\/\/www.rincondelbulla.cl\/portal\/wp-content\/uploads\/2017\/10\/PINILLA-768x511.jpeg 768w, http:\/\/www.rincondelbulla.cl\/portal\/wp-content\/uploads\/2017\/10\/PINILLA-1200x799.jpeg 1200w, http:\/\/www.rincondelbulla.cl\/portal\/wp-content\/uploads\/2017\/10\/PINILLA-696x463.jpeg 696w, http:\/\/www.rincondelbulla.cl\/portal\/wp-content\/uploads\/2017\/10\/PINILLA-1068x711.jpeg 1068w, http:\/\/www.rincondelbulla.cl\/portal\/wp-content\/uploads\/2017\/10\/PINILLA-631x420.jpeg 631w\" sizes=\"auto, (max-width: 1280px) 100vw, 1280px\" \/><figcaption id=\"caption-attachment-12960\" class=\"wp-caption-text\">Foto: Ren\u00e9 Saez<\/figcaption><\/figure>\n<p><strong>Como una \u00ablinda experiencia\u00bb catalog\u00f3 el banderazo el goleador azul, quien enfrent\u00f3 a los medios en la sala de prensa del Estadio Nacional\u00a0<\/strong><!--more--><\/p>\n<p>Tras las im\u00e1genes de Mauricio Pinilla saliendo con bota ortop\u00e9dica tras la semifinal de Copa Chile las alarmas azules se encendieron, pero fue hoy el propio goleador quien puso pa\u00f1os fr\u00edos: \u00abLa verdad es que despu\u00e9s del golpe que tuve en Antofagasta, me hice los ex\u00e1menes y no hay ninguna lesi\u00f3n, si hay un inflamaci\u00f3n pero es un tema de dolor. Las sensaciones son positivas pero se ver\u00e1 con el d\u00eda a d\u00eda\u00bb.<\/p>\n<p>Con el cl\u00e1sico universitario a la vuelta de la esquina Mauricio dio a entender que no se guardar\u00e1 y que este domingo lo veremos con la \u00ab9\u00bb en la cancha. \u00abEl partido m\u00e1s importante siempre es el que viene, no podemos analizar la vida pensando en lo que viene m\u00e1s a futuro\u00bb, lanz\u00f3.<\/p>\n<p>Eso si, Pinilla no se nubla con s\u00f3lo ganar el partido frente a la Universidad Cat\u00f3lica y habla de la importancia de sumar. \u00abEstamos en una fase muy importante del campeonato, estamos a 3 puntos del puntero y con una final de Copa, la idea es estar con todos los jugadores disponibles\u00bb, coment\u00f3.<\/p>\n<p>Finalmente fue consultado por el largo plazo que los azules no vencen a los de San Carlos. \u00abTodos los partidos son una linda posibilidad para cortar rachas, batir r\u00e9cords, para nosotros m\u00e1s que eso nos sirven mucho esos tres puntos. Es una fecha super importante, creo que tenemos cinco finales que afrontar y ganarlas todas\u00bb, concluy\u00f3.<\/p>\n<p>&nbsp;<\/p>\n","protected":false},"excerpt":{"rendered":"<p>Como una \u00ablinda experiencia\u00bb catalog\u00f3 el banderazo el goleador azul, quien enfrent\u00f3 a los medios en la sala de prensa del Estadio Nacional\u00a0<\/p>\n","protected":false},"author":65,"featured_media":12965,"comment_status":"closed","ping_status":"open","sticky":false,"template":"","format":"standard","meta":{"footnotes":""},"categories":[18],"tags":[454,71,631,1130,197],"class_list":{"0":"post-12962","1":"post","2":"type-post","3":"status-publish","4":"format-standard","5":"has-post-thumbnail","7":"category-actualidad","8":"tag-actualidad","9":"tag-clasico-universitario","10":"tag-mauricio-pinilla","11":"tag-pinigol","12":"tag-udechile"},"_links":{"self":[{"href":"http:\/\/www.rincondelbulla.cl\/portal\/wp-json\/wp\/v2\/posts\/12962","targetHints":{"allow":["GET"]}}],"collection":[{"href":"http:\/\/www.rincondelbulla.cl\/portal\/wp-json\/wp\/v2\/posts"}],"about":[{"href":"http:\/\/www.rincondelbulla.cl\/portal\/wp-json\/wp\/v2\/types\/post"}],"author":[{"embeddable":true,"href":"http:\/\/www.rincondelbulla.cl\/portal\/wp-json\/wp\/v2\/users\/65"}],"replies":[{"embeddable":true,"href":"http:\/\/www.rincondelbulla.cl\/portal\/wp-json\/wp\/v2\/comments?post=12962"}],"version-history":[{"count":1,"href":"http:\/\/www.rincondelbulla.cl\/portal\/wp-json\/wp\/v2\/posts\/12962\/revisions"}],"predecessor-version":[{"id":12966,"href":"http:\/\/www.rincondelbulla.cl\/portal\/wp-json\/wp\/v2\/posts\/12962\/revisions\/12966"}],"wp:featuredmedia":[{"embeddable":true,"href":"http:\/\/www.rincondelbulla.cl\/portal\/wp-json\/wp\/v2\/media\/12965"}],"wp:attachment":[{"href":"http:\/\/www.rincondelbulla.cl\/portal\/wp-json\/wp\/v2\/media?parent=12962"}],"wp:term":[{"taxonomy":"category","embeddable":true,"href":"http:\/\/www.rincondelbulla.cl\/portal\/wp-json\/wp\/v2\/categories?post=12962"},{"taxonomy":"post_tag","embeddable":true,"href":"http:\/\/www.rincondelbulla.cl\/portal\/wp-json\/wp\/v2\/tags?post=12962"}],"curies":[{"name":"wp","href":"https:\/\/api.w.org\/{rel}","templated":true}]}}