{"id":12979,"date":"2017-10-28T21:49:28","date_gmt":"2017-10-29T00:49:28","guid":{"rendered":"http:\/\/www.rincondelbulla.cl\/portal\/?p=12979"},"modified":"2017-10-28T21:49:28","modified_gmt":"2017-10-29T00:49:28","slug":"la-previa-con-pinilla-a-la-cabeza","status":"publish","type":"post","link":"http:\/\/www.rincondelbulla.cl\/portal\/2017\/10\/28\/la-previa-con-pinilla-a-la-cabeza\/","title":{"rendered":"La Previa: Con Pinilla a la cabeza la U va por el Cl\u00e1sico Universitario"},"content":{"rendered":"<p><img loading=\"lazy\" decoding=\"async\" class=\"alignright size-full wp-image-12919\" src=\"http:\/\/www.rincondelbulla.cl\/portal\/wp-content\/uploads\/2017\/10\/Entradas.jpg\" alt=\"\" width=\"900\" height=\"601\" srcset=\"http:\/\/www.rincondelbulla.cl\/portal\/wp-content\/uploads\/2017\/10\/Entradas.jpg 900w, http:\/\/www.rincondelbulla.cl\/portal\/wp-content\/uploads\/2017\/10\/Entradas-300x200.jpg 300w, http:\/\/www.rincondelbulla.cl\/portal\/wp-content\/uploads\/2017\/10\/Entradas-768x513.jpg 768w, http:\/\/www.rincondelbulla.cl\/portal\/wp-content\/uploads\/2017\/10\/Entradas-696x465.jpg 696w, http:\/\/www.rincondelbulla.cl\/portal\/wp-content\/uploads\/2017\/10\/Entradas-629x420.jpg 629w\" sizes=\"auto, (max-width: 900px) 100vw, 900px\" \/><\/p>\n<p>&nbsp;<\/p>\n<p>&nbsp;<\/p>\n<p>&nbsp;<\/p>\n<p><strong>Este domingo al mediod\u00eda Universidad de Chile recibir\u00e1 a Cat\u00f3lica en un nuevo Cl\u00e1sico Universitario. Los azules podr\u00edan igualar a Colo-Colo y quedar a tres puntos del l\u00edder, \u00a0Uni\u00f3n.<\/strong><\/p>\n<p><!--more--><\/p>\n<p>Un partido crucial enfrentar\u00e1 este domingo la U frente a Universidad Cat\u00f3lica. Ambos equipos llegan con realidades dispares, los azules peleando en la parte alta de la tabla y como finalista de Copa Chile; mientras que los de San Carlos han tenido una campa\u00f1a irregular que tiene a su DT con un pie afuera.<\/p>\n<p>En el equipo Rom\u00e1ntico Viajero el t\u00e9cnico \u00c1ngel Guillermo Hoyos tendr\u00e1 que sortear las bajas de Gonzalo Jara y Jean \u00a0Beausejour, que se suman a Gustavo \u00a0Lorenzetti. Las buenas noticias las trajo Mauricio Pinilla. El goleador, que sufri\u00f3 un fuerte golpe en la semana en el partido contra Antofagasta, jugar\u00e1 ma\u00f1ana seg\u00fan confirm\u00f3 CDF.<\/p>\n<p>La U podr\u00eda salir a la cancha as\u00ed:<\/p>\n<p>J<strong>ohnny Herrera en porter\u00eda; Mat\u00edas Rodr\u00edguez, Christi\u00e1n Vilches, Alejandro Contreras y Fabi\u00e1n Monz\u00f3n en la defensa; Lorenzo Reyes, Rafael Caroca y Yerko Leiva en el mediocampo, dejando al tridente ofensivo de Nicol\u00e1s Guerra, Mauricio Pinilla y Jonathan Zacar\u00eda<\/strong>.<\/p>\n<p>Cabe destacar que la Universidad de Chile podr\u00eda alcanzar a Colo-Colo en puntaje, y quedar a solo tres unidades del actual puntero Uni\u00f3n Espa\u00f1ola.<\/p>\n","protected":false},"excerpt":{"rendered":"<p>&nbsp; &nbsp; &nbsp; Este domingo al mediod\u00eda Universidad de Chile recibir\u00e1 a Cat\u00f3lica en un nuevo Cl\u00e1sico Universitario. Los azules podr\u00edan igualar a Colo-Colo y quedar a tres puntos del l\u00edder, \u00a0Uni\u00f3n.<\/p>\n","protected":false},"author":21383,"featured_media":12925,"comment_status":"closed","ping_status":"open","sticky":false,"template":"","format":"standard","meta":{"footnotes":""},"categories":[18],"tags":[71,157,603,156],"class_list":{"0":"post-12979","1":"post","2":"type-post","3":"status-publish","4":"format-standard","5":"has-post-thumbnail","7":"category-actualidad","8":"tag-clasico-universitario","9":"tag-portada","10":"tag-universidad-catolica","11":"tag-universidad-de-chile"},"_links":{"self":[{"href":"http:\/\/www.rincondelbulla.cl\/portal\/wp-json\/wp\/v2\/posts\/12979","targetHints":{"allow":["GET"]}}],"collection":[{"href":"http:\/\/www.rincondelbulla.cl\/portal\/wp-json\/wp\/v2\/posts"}],"about":[{"href":"http:\/\/www.rincondelbulla.cl\/portal\/wp-json\/wp\/v2\/types\/post"}],"author":[{"embeddable":true,"href":"http:\/\/www.rincondelbulla.cl\/portal\/wp-json\/wp\/v2\/users\/21383"}],"replies":[{"embeddable":true,"href":"http:\/\/www.rincondelbulla.cl\/portal\/wp-json\/wp\/v2\/comments?post=12979"}],"version-history":[{"count":2,"href":"http:\/\/www.rincondelbulla.cl\/portal\/wp-json\/wp\/v2\/posts\/12979\/revisions"}],"predecessor-version":[{"id":12981,"href":"http:\/\/www.rincondelbulla.cl\/portal\/wp-json\/wp\/v2\/posts\/12979\/revisions\/12981"}],"wp:featuredmedia":[{"embeddable":true,"href":"http:\/\/www.rincondelbulla.cl\/portal\/wp-json\/wp\/v2\/media\/12925"}],"wp:attachment":[{"href":"http:\/\/www.rincondelbulla.cl\/portal\/wp-json\/wp\/v2\/media?parent=12979"}],"wp:term":[{"taxonomy":"category","embeddable":true,"href":"http:\/\/www.rincondelbulla.cl\/portal\/wp-json\/wp\/v2\/categories?post=12979"},{"taxonomy":"post_tag","embeddable":true,"href":"http:\/\/www.rincondelbulla.cl\/portal\/wp-json\/wp\/v2\/tags?post=12979"}],"curies":[{"name":"wp","href":"https:\/\/api.w.org\/{rel}","templated":true}]}}