{"id":12993,"date":"2017-10-30T21:22:24","date_gmt":"2017-10-31T00:22:24","guid":{"rendered":"http:\/\/www.rincondelbulla.cl\/portal\/?p=12993"},"modified":"2017-10-30T21:22:24","modified_gmt":"2017-10-31T00:22:24","slug":"buenos-resultados-dejo-el-formativo-ante-capos-y-caturros","status":"publish","type":"post","link":"http:\/\/www.rincondelbulla.cl\/portal\/2017\/10\/30\/buenos-resultados-dejo-el-formativo-ante-capos-y-caturros\/","title":{"rendered":"Buenos resultados dej\u00f3 el formativo ante Capos y Caturros"},"content":{"rendered":"<figure id=\"attachment_12995\" aria-describedby=\"caption-attachment-12995\" style=\"width: 2048px\" class=\"wp-caption aligncenter\"><img loading=\"lazy\" decoding=\"async\" class=\"size-full wp-image-12995\" src=\"http:\/\/www.rincondelbulla.cl\/portal\/wp-content\/uploads\/2017\/10\/Formativo.jpg\" alt=\"\" width=\"2048\" height=\"1362\" srcset=\"http:\/\/www.rincondelbulla.cl\/portal\/wp-content\/uploads\/2017\/10\/Formativo.jpg 2048w, http:\/\/www.rincondelbulla.cl\/portal\/wp-content\/uploads\/2017\/10\/Formativo-300x200.jpg 300w, http:\/\/www.rincondelbulla.cl\/portal\/wp-content\/uploads\/2017\/10\/Formativo-768x511.jpg 768w, http:\/\/www.rincondelbulla.cl\/portal\/wp-content\/uploads\/2017\/10\/Formativo-1200x798.jpg 1200w, http:\/\/www.rincondelbulla.cl\/portal\/wp-content\/uploads\/2017\/10\/Formativo-696x463.jpg 696w, http:\/\/www.rincondelbulla.cl\/portal\/wp-content\/uploads\/2017\/10\/Formativo-1068x710.jpg 1068w, http:\/\/www.rincondelbulla.cl\/portal\/wp-content\/uploads\/2017\/10\/Formativo-632x420.jpg 632w\" sizes=\"auto, (max-width: 2048px) 100vw, 2048px\" \/><figcaption id=\"caption-attachment-12995\" class=\"wp-caption-text\">FutbolJoven U. de Chile<\/figcaption><\/figure>\n<p><strong>Ante O&#8217;higgins y Wanderers se enfrentaron las tres categor\u00edas azules este fin de semana.<\/strong><\/p>\n<p>Universidad de Chile enfrent\u00f3 a O&#8217;Higgins por el Campeonato de Categor\u00edas Escuela 2017. Revisa ac\u00e1 los resultados y algunas im\u00e1genes que nos dejaron aquellos partidos.<\/p>\n<p>Sub 8<br \/>\nU de Chile 1-2 O&#8217;Higgins<\/p>\n<div class=\"text_exposed_show\">\n<p>Sub 9<br \/>\nU de Chile 2-0 O&#8217;Higgins<\/p>\n<p>Sub 10<br \/>\nU de Chile 0-0 O&#8217;Higgins<\/p>\n<p>La jornada del F\u00fatbol Infantil Azul fue en Mantagua. Revisa ac\u00e1 los resultados.<\/p>\n<p>Sub 11:<br \/>\nS. Wanderers 3-3 U de Chile<br \/>\nGol: Mart\u00edn Romero, Benjam\u00edn Cort\u00e9s y Autogol<\/p>\n<div class=\"text_exposed_show\">\n<p>Sub 12:<br \/>\nS. Wanderers 0-3 U de Chile<br \/>\nGoles: Damian Pizarro (2) y Fernando Osorio<\/p>\n<\/div>\n<p>Sub 13 Azul se mantiene el el liderato del campeonato tr\u00e1s vencer a Santiago Wanderers por 4-1 con anotaciones de Lucas Assadi, Dario Osorio, Carlos Garc\u00eda y Amaro Veas.<\/p>\n<p>La Sub 14 Azul se mantiene el el 1er lugar luego de derrotar por 2-1 a Santiago Wanderers. Los goles Azules fueron obra de Marcelo Morales y Nicol\u00e1s Venegas<\/p>\n<div class=\"text_exposed_show\">\n<p>El f\u00fatbol competitivo juvenil tambi\u00e9n jug\u00f3 ante el capo de pronvincia.<\/p>\n<p>La Sub 15 de La U igual\u00f3 1-1 frente a O&#8217;Higgins en el Monasterio Celeste. El gol Azul fue obra de Jorge Reyes.<\/p>\n<p>La Sub 16 Azul sufri\u00f3 para conseguir una merecida victoria. Con goles de Juli\u00e1n Alfaro, David Quiroz (2), Ignacio Arqueros y Daniel Benavides, el equipo dirigido por Esteban Valencia derrot\u00f3 a O&#8217;Higgins por 5 goles 4.<\/p>\n<p>La U Sub 17 no pudo con O&#8217;Higgins de Rancagua en el CDA. El equipo Azul cay\u00f3 por 2-3 frente a los celestes. Los goles Azules fueron obra de Lucas Alarc\u00f3n y Giovanni Bustos.<\/p>\n<p>La Sub 19 Azul logr\u00f3 un laborioso empate 2-2 frente a O&#8217;Higgins de Rancagua en el complejo deportivo de Quil\u00edn. Los goles de La U fueron obra de Alessandro Rizzoli y Brayan Garrido<\/p>\n<p><strong>Fuente:\u00a0<a href=\"https:\/\/www.facebook.com\/futboljovenU\/\">FutbolJoven U. de Chile<\/a><\/strong><\/p>\n<\/div>\n<\/div>\n","protected":false},"excerpt":{"rendered":"<p>Ante O&#8217;higgins y Wanderers se enfrentaron las tres categor\u00edas azules este fin de semana. Universidad de Chile enfrent\u00f3 a O&#8217;Higgins por el Campeonato de Categor\u00edas Escuela 2017. Revisa ac\u00e1 los resultados y algunas im\u00e1genes que nos dejaron aquellos partidos. Sub 8 U de Chile 1-2 O&#8217;Higgins Sub 9 U de Chile 2-0 O&#8217;Higgins Sub 10 [&#8230;]<\/p>\n","protected":false},"author":21398,"featured_media":12994,"comment_status":"closed","ping_status":"open","sticky":false,"template":"","format":"standard","meta":{"footnotes":""},"categories":[18],"tags":[454,1209,1116,409,1119,1177,133,150,156],"class_list":{"0":"post-12993","1":"post","2":"type-post","3":"status-publish","4":"format-standard","5":"has-post-thumbnail","7":"category-actualidad","8":"tag-actualidad","9":"tag-categoria-escuelas","10":"tag-cuadro-magico","11":"tag-futbol-formativo","12":"tag-futbol-infantil","13":"tag-futbol-joven","14":"tag-ohiggins","15":"tag-santiago-wanderers","16":"tag-universidad-de-chile"},"_links":{"self":[{"href":"http:\/\/www.rincondelbulla.cl\/portal\/wp-json\/wp\/v2\/posts\/12993","targetHints":{"allow":["GET"]}}],"collection":[{"href":"http:\/\/www.rincondelbulla.cl\/portal\/wp-json\/wp\/v2\/posts"}],"about":[{"href":"http:\/\/www.rincondelbulla.cl\/portal\/wp-json\/wp\/v2\/types\/post"}],"author":[{"embeddable":true,"href":"http:\/\/www.rincondelbulla.cl\/portal\/wp-json\/wp\/v2\/users\/21398"}],"replies":[{"embeddable":true,"href":"http:\/\/www.rincondelbulla.cl\/portal\/wp-json\/wp\/v2\/comments?post=12993"}],"version-history":[{"count":1,"href":"http:\/\/www.rincondelbulla.cl\/portal\/wp-json\/wp\/v2\/posts\/12993\/revisions"}],"predecessor-version":[{"id":12996,"href":"http:\/\/www.rincondelbulla.cl\/portal\/wp-json\/wp\/v2\/posts\/12993\/revisions\/12996"}],"wp:featuredmedia":[{"embeddable":true,"href":"http:\/\/www.rincondelbulla.cl\/portal\/wp-json\/wp\/v2\/media\/12994"}],"wp:attachment":[{"href":"http:\/\/www.rincondelbulla.cl\/portal\/wp-json\/wp\/v2\/media?parent=12993"}],"wp:term":[{"taxonomy":"category","embeddable":true,"href":"http:\/\/www.rincondelbulla.cl\/portal\/wp-json\/wp\/v2\/categories?post=12993"},{"taxonomy":"post_tag","embeddable":true,"href":"http:\/\/www.rincondelbulla.cl\/portal\/wp-json\/wp\/v2\/tags?post=12993"}],"curies":[{"name":"wp","href":"https:\/\/api.w.org\/{rel}","templated":true}]}}