{"id":13024,"date":"2017-11-03T22:36:59","date_gmt":"2017-11-04T01:36:59","guid":{"rendered":"http:\/\/www.rincondelbulla.cl\/portal\/?p=13024"},"modified":"2017-11-03T22:36:59","modified_gmt":"2017-11-04T01:36:59","slug":"hoyos-y-david-pizarro-es-patrimonio-nacional","status":"publish","type":"post","link":"http:\/\/www.rincondelbulla.cl\/portal\/2017\/11\/03\/hoyos-y-david-pizarro-es-patrimonio-nacional\/","title":{"rendered":"Hoyos y David Pizarro \u00abEs patrimonio nacional\u00bb"},"content":{"rendered":"<p><img loading=\"lazy\" decoding=\"async\" class=\"aligncenter size-full wp-image-13025\" src=\"http:\/\/www.rincondelbulla.cl\/portal\/wp-content\/uploads\/2017\/11\/Hoyos-CDA-Octubre.jpg\" alt=\"\" width=\"1048\" height=\"700\" srcset=\"http:\/\/www.rincondelbulla.cl\/portal\/wp-content\/uploads\/2017\/11\/Hoyos-CDA-Octubre.jpg 1048w, http:\/\/www.rincondelbulla.cl\/portal\/wp-content\/uploads\/2017\/11\/Hoyos-CDA-Octubre-300x200.jpg 300w, http:\/\/www.rincondelbulla.cl\/portal\/wp-content\/uploads\/2017\/11\/Hoyos-CDA-Octubre-768x513.jpg 768w, http:\/\/www.rincondelbulla.cl\/portal\/wp-content\/uploads\/2017\/11\/Hoyos-CDA-Octubre-696x465.jpg 696w, http:\/\/www.rincondelbulla.cl\/portal\/wp-content\/uploads\/2017\/11\/Hoyos-CDA-Octubre-629x420.jpg 629w\" sizes=\"auto, (max-width: 1048px) 100vw, 1048px\" \/><\/p>\n<p><strong>Guillermo Hoyos, se refiri\u00f3 este viernes a la comentada visita del mediocampista David Pizarro a Valpara\u00edso, luego de algunas amenazas de clima hostil para el \u2018Fantasista\u2019 para el choque de ma\u00f1ana con Santiago Wanderers.\u00a0<\/strong><\/p>\n<p>A comienzos de semana, el director de la corporaci\u00f3n del Decano, Pedro Cordero, declar\u00f3 con dureza que \u201clos hinchas lo vamos a recibir de manera p\u00e9sima, con lienzos en las calles y en el mismo estadio. Para nosotros Pizarro es un traidor. No s\u00e9 si (Pizarro) va a querer jugar. Capaz que invente alg\u00fan tipo de lesi\u00f3n para no estar presente, tal como lo hizo cuando volvi\u00f3 a Wanderers. Seguramente le van a preguntar si quiere estar en el partido, ya que hoy es como la ni\u00f1a bonita del camar\u00edn\u201d.<\/p>\n<p>Frente a esto, el estratego del cuadro m\u00e1gico sac\u00f3 la voz y de entrada valor\u00f3 la trayectoria del formado en la tienda \u2018caturra\u2019. \u201cPara m\u00ed David Pizarro, como otros jugadores, se han ganado el t\u00edtulo de patrimonio nacional, patrimonio nacional a nivel de f\u00fatbol. Representa a un pa\u00eds afuera por tantos a\u00f1os. David est\u00e1 entre los jugadores de esa caracter\u00edstica, en la cual todo el mundo lo tiene que cuidar y proteger. Lo que ha logrado \u00e9l es una gran bendici\u00f3n para todo el f\u00fatbol de Chile y para todo el pa\u00eds chileno\u201d, dijo.<\/p>\n<p>Para poner punto final al tema, Hoyos se\u00f1al\u00f3 que \u201cdisfrutar de jugadores que uno ha jugado en contra, yo personalmente cuando estoy por enfrentar un equipo que tiene buenas figuras que marca un camino dentro del f\u00fatbol, \u2018mira que quiz\u00e1s no juegue por lesi\u00f3n y ojal\u00e1 se recupere\u2019. Cuando se analiza todo lo que ha representado para Wanderers y Valpara\u00edso, porque David siempre represent\u00f3 eso para el pa\u00eds en el extranjero. Es un honor caminar con \u00e9l. Uno no se termina de sorprender\u201d.<\/p>\n<p>En cuanto al choque con los pupilos de Nicol\u00e1s C\u00f3rdova y espec\u00edficamente el registro negativo que se\u00f1ala que la \u2018U\u2019 no vence en Playa Ancha hace 10 a\u00f1os, Hoyos expres\u00f3 que \u201ces lo m\u00e1s lindo tener el desaf\u00edo. Lo otro son las estad\u00edsticas, est\u00e1 que hoy tenemos la posibilidad de seguir avanzando en esta liga tan competitiva\u201d.<\/p>\n<p>Por \u00faltimo, el t\u00e9cnico azul se refiri\u00f3 al estado de Gonzalo Jara y Jean Beausejour, quienes por lesi\u00f3n se perder\u00e1n un nuevo partido de la \u2018U\u2019 en esta recta final de torneo. \u201cAmbos siguen su proceso de recuperaci\u00f3n. Nosotros tratamos siempre de que el jugador est\u00e9 al m\u00e1ximo, no arriesgarlo a su integridad f\u00edsica por un resultado. La recomendaci\u00f3n es estar bien para poder participar\u201d, apunt\u00f3.<\/p>\n<p>\u201cGonza (Jara) est\u00e1 avanzando muy bien, y est\u00e1 en la convocatoria. Beausejour necesita un tiempo m\u00e1s\u201d, sentenci\u00f3.<\/p>\n","protected":false},"excerpt":{"rendered":"<p>Guillermo Hoyos, se refiri\u00f3 este viernes a la comentada visita del mediocampista David Pizarro a Valpara\u00edso, luego de algunas amenazas de clima hostil para el \u2018Fantasista\u2019 para el choque de ma\u00f1ana con Santiago Wanderers.\u00a0 A comienzos de semana, el director de la corporaci\u00f3n del Decano, Pedro Cordero, declar\u00f3 con dureza que \u201clos hinchas lo vamos [&#8230;]<\/p>\n","protected":false},"author":21396,"featured_media":13025,"comment_status":"closed","ping_status":"open","sticky":false,"template":"","format":"standard","meta":{"footnotes":""},"categories":[18],"tags":[454,1116,111,1006,156,148],"class_list":{"0":"post-13024","1":"post","2":"type-post","3":"status-publish","4":"format-standard","5":"has-post-thumbnail","7":"category-actualidad","8":"tag-actualidad","9":"tag-cuadro-magico","10":"tag-david-pizarro","11":"tag-guillermo-hoyos","12":"tag-universidad-de-chile","13":"tag-wanderers"},"_links":{"self":[{"href":"http:\/\/www.rincondelbulla.cl\/portal\/wp-json\/wp\/v2\/posts\/13024","targetHints":{"allow":["GET"]}}],"collection":[{"href":"http:\/\/www.rincondelbulla.cl\/portal\/wp-json\/wp\/v2\/posts"}],"about":[{"href":"http:\/\/www.rincondelbulla.cl\/portal\/wp-json\/wp\/v2\/types\/post"}],"author":[{"embeddable":true,"href":"http:\/\/www.rincondelbulla.cl\/portal\/wp-json\/wp\/v2\/users\/21396"}],"replies":[{"embeddable":true,"href":"http:\/\/www.rincondelbulla.cl\/portal\/wp-json\/wp\/v2\/comments?post=13024"}],"version-history":[{"count":1,"href":"http:\/\/www.rincondelbulla.cl\/portal\/wp-json\/wp\/v2\/posts\/13024\/revisions"}],"predecessor-version":[{"id":13026,"href":"http:\/\/www.rincondelbulla.cl\/portal\/wp-json\/wp\/v2\/posts\/13024\/revisions\/13026"}],"wp:featuredmedia":[{"embeddable":true,"href":"http:\/\/www.rincondelbulla.cl\/portal\/wp-json\/wp\/v2\/media\/13025"}],"wp:attachment":[{"href":"http:\/\/www.rincondelbulla.cl\/portal\/wp-json\/wp\/v2\/media?parent=13024"}],"wp:term":[{"taxonomy":"category","embeddable":true,"href":"http:\/\/www.rincondelbulla.cl\/portal\/wp-json\/wp\/v2\/categories?post=13024"},{"taxonomy":"post_tag","embeddable":true,"href":"http:\/\/www.rincondelbulla.cl\/portal\/wp-json\/wp\/v2\/tags?post=13024"}],"curies":[{"name":"wp","href":"https:\/\/api.w.org\/{rel}","templated":true}]}}