{"id":13028,"date":"2017-11-03T22:45:14","date_gmt":"2017-11-04T01:45:14","guid":{"rendered":"http:\/\/www.rincondelbulla.cl\/portal\/?p=13028"},"modified":"2017-11-03T22:45:14","modified_gmt":"2017-11-04T01:45:14","slug":"luis-marin-fue-al-cda-a-apoyar-a-pizarro","status":"publish","type":"post","link":"http:\/\/www.rincondelbulla.cl\/portal\/2017\/11\/03\/luis-marin-fue-al-cda-a-apoyar-a-pizarro\/","title":{"rendered":"Luis Mar\u00edn fue al CDA a apoyar a Pizarro"},"content":{"rendered":"<p><img loading=\"lazy\" decoding=\"async\" class=\"alignnone size-full wp-image-13029\" src=\"http:\/\/www.rincondelbulla.cl\/portal\/wp-content\/uploads\/2017\/11\/Luis-Marin-Sifup-CDA.jpg\" alt=\"\" width=\"1197\" height=\"700\" srcset=\"http:\/\/www.rincondelbulla.cl\/portal\/wp-content\/uploads\/2017\/11\/Luis-Marin-Sifup-CDA.jpg 1197w, http:\/\/www.rincondelbulla.cl\/portal\/wp-content\/uploads\/2017\/11\/Luis-Marin-Sifup-CDA-300x175.jpg 300w, http:\/\/www.rincondelbulla.cl\/portal\/wp-content\/uploads\/2017\/11\/Luis-Marin-Sifup-CDA-768x449.jpg 768w, http:\/\/www.rincondelbulla.cl\/portal\/wp-content\/uploads\/2017\/11\/Luis-Marin-Sifup-CDA-696x407.jpg 696w, http:\/\/www.rincondelbulla.cl\/portal\/wp-content\/uploads\/2017\/11\/Luis-Marin-Sifup-CDA-1068x625.jpg 1068w, http:\/\/www.rincondelbulla.cl\/portal\/wp-content\/uploads\/2017\/11\/Luis-Marin-Sifup-CDA-718x420.jpg 718w\" sizes=\"auto, (max-width: 1197px) 100vw, 1197px\" \/><\/p>\n<p><strong>Esta jornada tras la conferencia del profe Hoyos, lleg\u00f3 Luis Mar\u00edn al Centro Deportivo Azul en representaci\u00f3n del Sifup para apoyar a Pizarro.<\/strong><\/p>\n<p>\u00ab<strong>Repudiamos este tipo de actitudes, del dirigente en particular<\/strong>, puesto que este tipo de acciones no ayuda al f\u00fatbol y lo perjudican en todo sentido\u00bb, fueron las palabras de Luis Mar\u00edn en calidad de secretario del Sifup.<\/p>\n<p>Adem\u00e1s hicieron una petici\u00f3n en relaci\u00f3n a las palabras de\u00a0Pedro Cordero, director de la corporaci\u00f3n del cuadro de la Quinta Regi\u00f3n, qui\u00e9n habl\u00f3 mal del \u00abFantasista\u00bb:\u00a0\u00abHemos pedido que el dirigente no tenga ingreso al estadio, pero queda en manos de Wanderers. Apoyamos a David (Pizarro) y que el espect\u00e1culo sea lo mejor. Esperamos que no haya alguna represalia en contra de David\u00bb.<\/p>\n","protected":false},"excerpt":{"rendered":"<p>Esta jornada tras la conferencia del profe Hoyos, lleg\u00f3 Luis Mar\u00edn al Centro Deportivo Azul en representaci\u00f3n del Sifup para apoyar a Pizarro. \u00abRepudiamos este tipo de actitudes, del dirigente en particular, puesto que este tipo de acciones no ayuda al f\u00fatbol y lo perjudican en todo sentido\u00bb, fueron las palabras de Luis Mar\u00edn en [&#8230;]<\/p>\n","protected":false},"author":21397,"featured_media":13029,"comment_status":"closed","ping_status":"open","sticky":false,"template":"","format":"standard","meta":{"footnotes":""},"categories":[18],"tags":[454,1264,1116,111,208,1263,1262,723,156,148],"class_list":{"0":"post-13028","1":"post","2":"type-post","3":"status-publish","4":"format-standard","5":"has-post-thumbnail","7":"category-actualidad","8":"tag-actualidad","9":"tag-corporacion-santiago-wanderers","10":"tag-cuadro-magico","11":"tag-david-pizarro","12":"tag-luis-marin","13":"tag-pedro-cordero","14":"tag-secretario","15":"tag-sifup","16":"tag-universidad-de-chile","17":"tag-wanderers"},"_links":{"self":[{"href":"http:\/\/www.rincondelbulla.cl\/portal\/wp-json\/wp\/v2\/posts\/13028","targetHints":{"allow":["GET"]}}],"collection":[{"href":"http:\/\/www.rincondelbulla.cl\/portal\/wp-json\/wp\/v2\/posts"}],"about":[{"href":"http:\/\/www.rincondelbulla.cl\/portal\/wp-json\/wp\/v2\/types\/post"}],"author":[{"embeddable":true,"href":"http:\/\/www.rincondelbulla.cl\/portal\/wp-json\/wp\/v2\/users\/21397"}],"replies":[{"embeddable":true,"href":"http:\/\/www.rincondelbulla.cl\/portal\/wp-json\/wp\/v2\/comments?post=13028"}],"version-history":[{"count":1,"href":"http:\/\/www.rincondelbulla.cl\/portal\/wp-json\/wp\/v2\/posts\/13028\/revisions"}],"predecessor-version":[{"id":13030,"href":"http:\/\/www.rincondelbulla.cl\/portal\/wp-json\/wp\/v2\/posts\/13028\/revisions\/13030"}],"wp:featuredmedia":[{"embeddable":true,"href":"http:\/\/www.rincondelbulla.cl\/portal\/wp-json\/wp\/v2\/media\/13029"}],"wp:attachment":[{"href":"http:\/\/www.rincondelbulla.cl\/portal\/wp-json\/wp\/v2\/media?parent=13028"}],"wp:term":[{"taxonomy":"category","embeddable":true,"href":"http:\/\/www.rincondelbulla.cl\/portal\/wp-json\/wp\/v2\/categories?post=13028"},{"taxonomy":"post_tag","embeddable":true,"href":"http:\/\/www.rincondelbulla.cl\/portal\/wp-json\/wp\/v2\/tags?post=13028"}],"curies":[{"name":"wp","href":"https:\/\/api.w.org\/{rel}","templated":true}]}}